{"id":989571,"date":"2020-12-27T19:26:06","date_gmt":"2020-12-27T17:26:06","guid":{"rendered":"https:\/\/www.osteovitalsabadell.cat\/?p=989571"},"modified":"2025-10-28T12:38:55","modified_gmt":"2025-10-28T10:38:55","slug":"fisioterapia-del-suelo-pelviano","status":"publish","type":"post","link":"https:\/\/www.osteovitalsabadell.cat\/es\/fisioterapia-del-suelo-pelviano\/","title":{"rendered":"FISIOTERAPIA DEL SUELO P\u00c9LVICO"},"content":{"rendered":"<div class=\"vgblk-rw-wrapper limit-wrapper\">\n<p>Us comuniquem que comencem l\u2019any amb una nova incorporaci\u00f3! La Miriam Fern\u00e1ndez s\u2019uneix al nostre equip!<\/p>\n\n\n\n<p>La Miriam \u00e9s fisioterapeuta especialitzada en s\u00f2l pelvi\u00e0 i neuropediatria. Tenim moltes ganes de que la pugueu con\u00e8ixer.<\/p>\n\n\n\n<p>A partir del gener 2021 passar\u00e0 visita dues tardes a la setmana, els dimarts i els dijous!<\/p>\n\n\n\n<p>Per\u00f2 saps qu\u00e8 \u00e9s el s\u00f2l pelvi\u00e0 i com et pot ajudar la fisioter\u00e0pia?<\/p>\n\n\n\n<p><strong><u>Qu\u00e8 \u00e9s el s\u00f2l pelvi\u00e0?<\/u><\/strong><\/p>\n\n\n\n<p>\u00c9s un conjunt d\u2019estructures que donen suport als \u00f2rgans de la pelvis i l\u2019abdomen. Tots ells formen part d\u2019una c\u00fapula que s\u2019ha d\u2019imaginar com un paraig\u00fces i que tanca el que seria la part m\u00e9s baixa del tronc. Est\u00e0 format per:<\/p>\n\n\n<p>[list list_type=\u00bb0&#8243; animation=\u00bb\u00bb actions=\u00bbicon-right-dir^icon-right-dir^icon-right-dir^icon-right-dir^icon-right-dir\u00bb colors=\u00bb^^^^\u00bb list_item_content=\u00bbEstructures oses: la pelvis.^Estructures nervioses.^Estructures de teixit connectiu: les fascies.^Estructures vasculars.^Musculatura pr\u00f2pia del s\u00f2l pelvi\u00e0.\u00bb sc_id=\u00bbsc1609089593666&#8243;]<\/p>\n\n\n\n<p>Les seves funcions s\u00f3n les seg\u00fcents:<\/p>\n\n\n<p>[list list_type=\u00bb0&#8243; animation=\u00bb\u00bb actions=\u00bbicon-right-dir^icon-right-dir^icon-right-dir^icon-right-dir\u00bb colors=\u00bb^^^\u00bb list_item_content=\u00bbFunci\u00f3 de sosteniment: mant\u00e9 els \u00f2rgans de la pelvis en la seva posici\u00f3: bufeta, vagina, \u00fater, recte i intest\u00ed. Aix\u00ed doncs, actua juntament amb altres m\u00fasculs per l\u2019estabilitat lumbo-p\u00e8lvica.^Funci\u00f3 de contin\u00e8ncia: assegura la contin\u00e8ncia urin\u00e0ria, fecal i de gasos, ja que exerceix control sobre els esf\u00ednters uretral i anal. ^Funci\u00f3 sexual: una bona tonificaci\u00f3 de la musculatura del s\u00f2l pelvi\u00e0 millora la qualitat de les relacions sexuals. En dones \u00e9s necessari per la sensibilitat vaginal, mentre que als homes contribueix en el proc\u00e9s de l\u2019ejaculaci\u00f3. ^Funci\u00f3 reproductiva: en dones, el moviment del s\u00f2l pelvi\u00e0 \u00e9s imprescindible per conduir el fetus cap a l\u2019exterior. \u00c9s necessari que els m\u00fasculs siguin flexibles i es puguin distendre.\u00bb sc_id=\u00bbsc1609089703990&#8243;]<\/p>\n\n\n\n<p><strong><u>En qu\u00e8 ens pot ajudar la fisioter\u00e0pia del s\u00f2l pelvi\u00e0?<\/u><\/strong><\/p>\n\n\n\n<p>La fisioter\u00e0pia del s\u00f2l pelvi\u00e0 \u00e9s una especialitat de la fisioter\u00e0pia que at\u00e9n disfuncions del s\u00f2l pelvi\u00e0 i abdomen.<\/p>\n\n\n\n<p>T\u00e9 com a objectiu resoldre els s\u00edmptomes que afecten a gran part de la poblaci\u00f3 tant homes com dones i tamb\u00e9 poblacions m\u00e9s concretes com ara dones embarassades, mares en post-part, esportistes i nens.<\/p>\n\n\n\n<p>Els s\u00edmptomes que es produeixen quan hi ha una disfunci\u00f3, poden afectar notablement la qualitat de vida de les persones que la pateixen, en forma de:<\/p>\n\n\n<p>[list list_type=\u00bb0&#8243; animation=\u00bb\u00bb actions=\u00bbicon-right-dir^icon-right-dir^icon-right-dir^icon-right-dir^icon-right-dir^icon-right-dir^icon-right-dir^icon-right-dir^icon-right-dir\u00bb colors=\u00bb^^^^^^^^\u00bb list_item_content=\u00bbIncontin\u00e8ncia urin\u00e0ria^Incontin\u00e8ncia fecal o de gasos^Dolor pelvi\u00e0 o perineal^Prolapses d\u2019\u00f2rgans p\u00e8lvics^Estrenyiment^Dificultat per orinar^Impot\u00e8ncia o ejaculaci\u00f3 preco\u00e7^Dolors en les relacions sexuals^Recuperaci\u00f3 del cos (post-part)\u00bb sc_id=\u00bbsc1609089896857&#8243;]<\/p>\n\n\n\n<p>En resum, el s\u00f2l pelvi\u00e0 interv\u00e9 en funcions molt importants per a la nostra qualitat de vida. Si el s\u00f2l pelvi\u00e0 falla, aquestes funcions es veuran afectades. Per aix\u00f2 hem de ser proactius i prevenir al m\u00e0xim, cuidant la postura, fent exercici i prenent consci\u00e8ncia d\u2019aquesta part del nostre cos.<\/p>\n\n\n\n<p>Vols millorar el teu s\u00f2l pelvi\u00e0 o tens algun dels s\u00edmptomes esmentats anteriorment i vols posar-hi soluci\u00f3?<\/p>\n\n\n\n<p>No dubtis en demanar informaci\u00f3 o demana una cita. La Miriam et pot ajudar!.<\/p>\n<\/div><!-- .vgblk-rw-wrapper -->","protected":false},"excerpt":{"rendered":"<p>Us comuniquem que comencem l\u2019any amb una nova incorporaci\u00f3! La Miriam Fern\u00e1ndez s\u2019uneix al nostre equip! La Miriam \u00e9s fisioterapeuta especialitzada en s\u00f2l pelvi\u00e0 i neuropediatria. Tenim moltes ganes de que la pugueu con\u00e8ixer. A partir del gener 2021 passar\u00e0 visita dues tardes a la setmana, els dimarts i els dijous! Per\u00f2 saps qu\u00e8 \u00e9s&#8230;<\/p>\n","protected":false},"author":1,"featured_media":989018,"comment_status":"closed","ping_status":"open","sticky":false,"template":"","format":"standard","meta":{"footnotes":""},"categories":[1],"tags":[],"class_list":["post-989571","post","type-post","status-publish","format-standard","has-post-thumbnail","hentry","category-sin-categoria"],"yoast_head":"<!-- This site is optimized with the Yoast SEO plugin v26.6 - https:\/\/yoast.com\/wordpress\/plugins\/seo\/ -->\n<title>Fisioterapia del suelo p\u00e9lvico en Sabadell | Osteovital<\/title>\n<meta name=\"description\" content=\"Recupera la salud p\u00e9lvica con fisioterapia especializada. Tratamientos para incontinencia, postparto y dolor p\u00e9lvico en Osteovital Sabadell.\" \/>\n<meta name=\"robots\" content=\"index, follow, max-snippet:-1, max-image-preview:large, max-video-preview:-1\" \/>\n<link rel=\"canonical\" href=\"https:\/\/www.osteovitalsabadell.cat\/es\/fisioterapia-del-suelo-pelviano\/\" \/>\n<meta property=\"og:locale\" content=\"es_ES\" \/>\n<meta property=\"og:type\" content=\"article\" \/>\n<meta property=\"og:title\" content=\"Fisioterapia del suelo p\u00e9lvico en Sabadell | Osteovital\" \/>\n<meta property=\"og:description\" content=\"Recupera la salud p\u00e9lvica con fisioterapia especializada. Tratamientos para incontinencia, postparto y dolor p\u00e9lvico en Osteovital Sabadell.\" \/>\n<meta property=\"og:url\" content=\"https:\/\/www.osteovitalsabadell.cat\/es\/fisioterapia-del-suelo-pelviano\/\" \/>\n<meta property=\"og:site_name\" content=\"Osteovital\" \/>\n<meta property=\"article:published_time\" content=\"2020-12-27T17:26:06+00:00\" \/>\n<meta property=\"article:modified_time\" content=\"2025-10-28T10:38:55+00:00\" \/>\n<meta property=\"og:image\" content=\"https:\/\/www.osteovitalsabadell.cat\/wp-content\/uploads\/2020\/12\/suelo-pelvico.jpg\" \/>\n\t<meta property=\"og:image:width\" content=\"300\" \/>\n\t<meta property=\"og:image:height\" content=\"204\" \/>\n\t<meta property=\"og:image:type\" content=\"image\/jpeg\" \/>\n<meta name=\"author\" content=\"oimatica\" \/>\n<meta name=\"twitter:card\" content=\"summary_large_image\" \/>\n<meta name=\"twitter:label1\" content=\"Escrito por\" \/>\n\t<meta name=\"twitter:data1\" content=\"oimatica\" \/>\n\t<meta name=\"twitter:label2\" content=\"Tiempo de lectura\" \/>\n\t<meta name=\"twitter:data2\" content=\"3 minutos\" \/>\n<script type=\"application\/ld+json\" class=\"yoast-schema-graph\">{\"@context\":\"https:\/\/schema.org\",\"@graph\":[{\"@type\":\"WebPage\",\"@id\":\"https:\/\/www.osteovitalsabadell.cat\/es\/fisioterapia-del-suelo-pelviano\/\",\"url\":\"https:\/\/www.osteovitalsabadell.cat\/es\/fisioterapia-del-suelo-pelviano\/\",\"name\":\"Fisioterapia del suelo p\u00e9lvico en Sabadell | Osteovital\",\"isPartOf\":{\"@id\":\"https:\/\/www.osteovitalsabadell.cat\/es\/#website\"},\"primaryImageOfPage\":{\"@id\":\"https:\/\/www.osteovitalsabadell.cat\/es\/fisioterapia-del-suelo-pelviano\/#primaryimage\"},\"image\":{\"@id\":\"https:\/\/www.osteovitalsabadell.cat\/es\/fisioterapia-del-suelo-pelviano\/#primaryimage\"},\"thumbnailUrl\":\"https:\/\/www.osteovitalsabadell.cat\/wp-content\/uploads\/2020\/12\/suelo-pelvico.jpg\",\"datePublished\":\"2020-12-27T17:26:06+00:00\",\"dateModified\":\"2025-10-28T10:38:55+00:00\",\"author\":{\"@id\":\"https:\/\/www.osteovitalsabadell.cat\/es\/#\/schema\/person\/f564001e8746a468a85deb8fe6d4efe1\"},\"description\":\"Recupera la salud p\u00e9lvica con fisioterapia especializada. Tratamientos para incontinencia, postparto y dolor p\u00e9lvico en Osteovital Sabadell.\",\"breadcrumb\":{\"@id\":\"https:\/\/www.osteovitalsabadell.cat\/es\/fisioterapia-del-suelo-pelviano\/#breadcrumb\"},\"inLanguage\":\"es\",\"potentialAction\":[{\"@type\":\"ReadAction\",\"target\":[\"https:\/\/www.osteovitalsabadell.cat\/es\/fisioterapia-del-suelo-pelviano\/\"]}]},{\"@type\":\"ImageObject\",\"inLanguage\":\"es\",\"@id\":\"https:\/\/www.osteovitalsabadell.cat\/es\/fisioterapia-del-suelo-pelviano\/#primaryimage\",\"url\":\"https:\/\/www.osteovitalsabadell.cat\/wp-content\/uploads\/2020\/12\/suelo-pelvico.jpg\",\"contentUrl\":\"https:\/\/www.osteovitalsabadell.cat\/wp-content\/uploads\/2020\/12\/suelo-pelvico.jpg\",\"width\":300,\"height\":204,\"caption\":\"Dolor abdominal\"},{\"@type\":\"BreadcrumbList\",\"@id\":\"https:\/\/www.osteovitalsabadell.cat\/es\/fisioterapia-del-suelo-pelviano\/#breadcrumb\",\"itemListElement\":[{\"@type\":\"ListItem\",\"position\":1,\"name\":\"Home\",\"item\":\"https:\/\/www.osteovitalsabadell.cat\/es\/inicio\/\"},{\"@type\":\"ListItem\",\"position\":2,\"name\":\"FISIOTERAPIA DEL SUELO P\u00c9LVICO\"}]},{\"@type\":\"WebSite\",\"@id\":\"https:\/\/www.osteovitalsabadell.cat\/es\/#website\",\"url\":\"https:\/\/www.osteovitalsabadell.cat\/es\/\",\"name\":\"Osteovital\",\"description\":\"Osteopatia i Fisioter\u00e0pia a Sabadell\",\"potentialAction\":[{\"@type\":\"SearchAction\",\"target\":{\"@type\":\"EntryPoint\",\"urlTemplate\":\"https:\/\/www.osteovitalsabadell.cat\/es\/?s={search_term_string}\"},\"query-input\":{\"@type\":\"PropertyValueSpecification\",\"valueRequired\":true,\"valueName\":\"search_term_string\"}}],\"inLanguage\":\"es\"},{\"@type\":\"Person\",\"@id\":\"https:\/\/www.osteovitalsabadell.cat\/es\/#\/schema\/person\/f564001e8746a468a85deb8fe6d4efe1\",\"name\":\"oimatica\",\"image\":{\"@type\":\"ImageObject\",\"inLanguage\":\"es\",\"@id\":\"https:\/\/www.osteovitalsabadell.cat\/es\/#\/schema\/person\/image\/\",\"url\":\"https:\/\/www.osteovitalsabadell.cat\/wp-content\/litespeed\/avatar\/813f0224501b2fc216d361bdbf886e53.jpg?ver=1777068831\",\"contentUrl\":\"https:\/\/www.osteovitalsabadell.cat\/wp-content\/litespeed\/avatar\/813f0224501b2fc216d361bdbf886e53.jpg?ver=1777068831\",\"caption\":\"oimatica\"},\"url\":\"https:\/\/www.osteovitalsabadell.cat\/es\/author\/oimatica\/\"}]}<\/script>\n<!-- \/ Yoast SEO plugin. -->","yoast_head_json":{"title":"Fisioterapia del suelo p\u00e9lvico en Sabadell | Osteovital","description":"Recupera la salud p\u00e9lvica con fisioterapia especializada. Tratamientos para incontinencia, postparto y dolor p\u00e9lvico en Osteovital Sabadell.","robots":{"index":"index","follow":"follow","max-snippet":"max-snippet:-1","max-image-preview":"max-image-preview:large","max-video-preview":"max-video-preview:-1"},"canonical":"https:\/\/www.osteovitalsabadell.cat\/es\/fisioterapia-del-suelo-pelviano\/","og_locale":"es_ES","og_type":"article","og_title":"Fisioterapia del suelo p\u00e9lvico en Sabadell | Osteovital","og_description":"Recupera la salud p\u00e9lvica con fisioterapia especializada. Tratamientos para incontinencia, postparto y dolor p\u00e9lvico en Osteovital Sabadell.","og_url":"https:\/\/www.osteovitalsabadell.cat\/es\/fisioterapia-del-suelo-pelviano\/","og_site_name":"Osteovital","article_published_time":"2020-12-27T17:26:06+00:00","article_modified_time":"2025-10-28T10:38:55+00:00","og_image":[{"width":300,"height":204,"url":"https:\/\/www.osteovitalsabadell.cat\/wp-content\/uploads\/2020\/12\/suelo-pelvico.jpg","type":"image\/jpeg"}],"author":"oimatica","twitter_card":"summary_large_image","twitter_misc":{"Escrito por":"oimatica","Tiempo de lectura":"3 minutos"},"schema":{"@context":"https:\/\/schema.org","@graph":[{"@type":"WebPage","@id":"https:\/\/www.osteovitalsabadell.cat\/es\/fisioterapia-del-suelo-pelviano\/","url":"https:\/\/www.osteovitalsabadell.cat\/es\/fisioterapia-del-suelo-pelviano\/","name":"Fisioterapia del suelo p\u00e9lvico en Sabadell | Osteovital","isPartOf":{"@id":"https:\/\/www.osteovitalsabadell.cat\/es\/#website"},"primaryImageOfPage":{"@id":"https:\/\/www.osteovitalsabadell.cat\/es\/fisioterapia-del-suelo-pelviano\/#primaryimage"},"image":{"@id":"https:\/\/www.osteovitalsabadell.cat\/es\/fisioterapia-del-suelo-pelviano\/#primaryimage"},"thumbnailUrl":"https:\/\/www.osteovitalsabadell.cat\/wp-content\/uploads\/2020\/12\/suelo-pelvico.jpg","datePublished":"2020-12-27T17:26:06+00:00","dateModified":"2025-10-28T10:38:55+00:00","author":{"@id":"https:\/\/www.osteovitalsabadell.cat\/es\/#\/schema\/person\/f564001e8746a468a85deb8fe6d4efe1"},"description":"Recupera la salud p\u00e9lvica con fisioterapia especializada. Tratamientos para incontinencia, postparto y dolor p\u00e9lvico en Osteovital Sabadell.","breadcrumb":{"@id":"https:\/\/www.osteovitalsabadell.cat\/es\/fisioterapia-del-suelo-pelviano\/#breadcrumb"},"inLanguage":"es","potentialAction":[{"@type":"ReadAction","target":["https:\/\/www.osteovitalsabadell.cat\/es\/fisioterapia-del-suelo-pelviano\/"]}]},{"@type":"ImageObject","inLanguage":"es","@id":"https:\/\/www.osteovitalsabadell.cat\/es\/fisioterapia-del-suelo-pelviano\/#primaryimage","url":"https:\/\/www.osteovitalsabadell.cat\/wp-content\/uploads\/2020\/12\/suelo-pelvico.jpg","contentUrl":"https:\/\/www.osteovitalsabadell.cat\/wp-content\/uploads\/2020\/12\/suelo-pelvico.jpg","width":300,"height":204,"caption":"Dolor abdominal"},{"@type":"BreadcrumbList","@id":"https:\/\/www.osteovitalsabadell.cat\/es\/fisioterapia-del-suelo-pelviano\/#breadcrumb","itemListElement":[{"@type":"ListItem","position":1,"name":"Home","item":"https:\/\/www.osteovitalsabadell.cat\/es\/inicio\/"},{"@type":"ListItem","position":2,"name":"FISIOTERAPIA DEL SUELO P\u00c9LVICO"}]},{"@type":"WebSite","@id":"https:\/\/www.osteovitalsabadell.cat\/es\/#website","url":"https:\/\/www.osteovitalsabadell.cat\/es\/","name":"Osteovital","description":"Osteopatia i Fisioter\u00e0pia a Sabadell","potentialAction":[{"@type":"SearchAction","target":{"@type":"EntryPoint","urlTemplate":"https:\/\/www.osteovitalsabadell.cat\/es\/?s={search_term_string}"},"query-input":{"@type":"PropertyValueSpecification","valueRequired":true,"valueName":"search_term_string"}}],"inLanguage":"es"},{"@type":"Person","@id":"https:\/\/www.osteovitalsabadell.cat\/es\/#\/schema\/person\/f564001e8746a468a85deb8fe6d4efe1","name":"oimatica","image":{"@type":"ImageObject","inLanguage":"es","@id":"https:\/\/www.osteovitalsabadell.cat\/es\/#\/schema\/person\/image\/","url":"https:\/\/www.osteovitalsabadell.cat\/wp-content\/litespeed\/avatar\/813f0224501b2fc216d361bdbf886e53.jpg?ver=1777068831","contentUrl":"https:\/\/www.osteovitalsabadell.cat\/wp-content\/litespeed\/avatar\/813f0224501b2fc216d361bdbf886e53.jpg?ver=1777068831","caption":"oimatica"},"url":"https:\/\/www.osteovitalsabadell.cat\/es\/author\/oimatica\/"}]}},"_links":{"self":[{"href":"https:\/\/www.osteovitalsabadell.cat\/es\/wp-json\/wp\/v2\/posts\/989571","targetHints":{"allow":["GET"]}}],"collection":[{"href":"https:\/\/www.osteovitalsabadell.cat\/es\/wp-json\/wp\/v2\/posts"}],"about":[{"href":"https:\/\/www.osteovitalsabadell.cat\/es\/wp-json\/wp\/v2\/types\/post"}],"author":[{"embeddable":true,"href":"https:\/\/www.osteovitalsabadell.cat\/es\/wp-json\/wp\/v2\/users\/1"}],"replies":[{"embeddable":true,"href":"https:\/\/www.osteovitalsabadell.cat\/es\/wp-json\/wp\/v2\/comments?post=989571"}],"version-history":[{"count":3,"href":"https:\/\/www.osteovitalsabadell.cat\/es\/wp-json\/wp\/v2\/posts\/989571\/revisions"}],"predecessor-version":[{"id":989646,"href":"https:\/\/www.osteovitalsabadell.cat\/es\/wp-json\/wp\/v2\/posts\/989571\/revisions\/989646"}],"wp:featuredmedia":[{"embeddable":true,"href":"https:\/\/www.osteovitalsabadell.cat\/es\/wp-json\/wp\/v2\/media\/989018"}],"wp:attachment":[{"href":"https:\/\/www.osteovitalsabadell.cat\/es\/wp-json\/wp\/v2\/media?parent=989571"}],"wp:term":[{"taxonomy":"category","embeddable":true,"href":"https:\/\/www.osteovitalsabadell.cat\/es\/wp-json\/wp\/v2\/categories?post=989571"},{"taxonomy":"post_tag","embeddable":true,"href":"https:\/\/www.osteovitalsabadell.cat\/es\/wp-json\/wp\/v2\/tags?post=989571"}],"curies":[{"name":"wp","href":"https:\/\/api.w.org\/{rel}","templated":true}]}}