{"id":989577,"date":"2020-11-08T18:02:04","date_gmt":"2020-11-08T16:02:04","guid":{"rendered":"https:\/\/www.osteovitalsabadell.cat\/?p=989577"},"modified":"2025-10-28T12:43:43","modified_gmt":"2025-10-28T10:43:43","slug":"la-histamina","status":"publish","type":"post","link":"https:\/\/www.osteovitalsabadell.cat\/es\/la-histamina\/","title":{"rendered":"La Histamina"},"content":{"rendered":"<div class=\"vgblk-rw-wrapper limit-wrapper\">\n<p>Presentes algun d\u2019aquests <strong>s\u00edmptomes<\/strong>:<\/p>\n\n\n<p>[list list_type=\u00bb0&#8243; animation=\u00bb\u00bb actions=\u00bbicon-right-4^icon-right-4^icon-right-4^icon-right-4^icon-right-4^icon-right-4^icon-right-4&#8243; colors=\u00bb^^^^^^\u00bb list_item_content=\u00bbSinusitis, rinitis, conjuntivitis?^Femta pastosa?^Enrogiment al fer esport?^Tensi\u00f3 arterial baixa?^Problemes a la pell? Com la dermatitis, \u00e8czemes, pell at\u00f2pica o picors? ^Migranyes?^Panxa inflada?\u00bb sc_id=\u00bbsc1604851233332&#8243;]<\/p>\n\n\n\n<p>Aquests poden ser <strong>provocats per<\/strong>:<\/p>\n\n\n<p>[list list_type=\u00bb0&#8243; animation=\u00bb\u00bb actions=\u00bbicon-right-4^icon-right-4^icon-right-4^icon-right-4^icon-right-4^icon-right-4&#8243; colors=\u00bb^^^^^\u00bb list_item_content=\u00bbAlguns aliments: c\u00edtrics, blat, porc, peix blau, conserves,&#8230;^Exc\u00e9s d\u2019estr\u00f2gens^Al\u00b7l\u00e8rgies^Pres\u00e8ncia de par\u00e0sits^Pres\u00e8ncia de fongs^Estr\u00e8s \u00bb sc_id=\u00bbsc1604851091514&#8243;]<\/p>\n\n\n\n<p>Aix\u00f2 pot provocar l\u2019activaci\u00f3 d\u2019una resposta immunol\u00f2gica amb la qual es relaciona la <strong><u>HISTAMINA<\/u><\/strong>, una subst\u00e0ncia que actua com hormona i com a neurotransmissor i que pot provocar els s\u00edmptomes que hem anomenat abans.<\/p>\n\n\n\n<p>Per aix\u00f2 \u00e9s molt important fer una bona valoraci\u00f3 de l\u2019estat del pacient per solucionar el problema des de l\u2019origen. L\u2019opci\u00f3 f\u00e0cil seria donar un antihistam\u00ednic, per\u00f2 lo important \u00e9s treballar totes les vies de producci\u00f3 d\u2019histamina i tamb\u00e9 les vies d\u2019eliminaci\u00f3 d\u2019aquesta.<\/p>\n\n\n\n<p>Si ens centrem en les vies d\u2019eliminaci\u00f3 ser\u00e0 vital:<\/p>\n\n\n<p>[list list_type=\u00bb0&#8243; animation=\u00bb\u00bb actions=\u00bbicon-right-4^icon-right-4&#8243; colors=\u00bb^\u00bb list_item_content=\u00bb- La salut i equilibri intestinal i de la seva microbiota: si no est\u00e0 en equilibri no es produeixi suficient producci\u00f3 d\u2019un enzim que degrada la histamina a nivell intestinal.^- La salut del fetge: al fetge es produeix la metilaci\u00f3, un proc\u00e9s fonamental per l\u2019eliminaci\u00f3 d\u2019hormones de l\u2019estr\u00e8s, t\u00f2xics, estr\u00f2gens i histamina. \u00bb sc_id=\u00bbsc1604851313374&#8243;]<\/p>\n\n\n\n<p>Ser\u00e0 important doncs recuperar aquesta salut intestinal i donar els nutrients necessaris al fetge per a que pugui eliminar la histamina.<\/p>\n\n\n\n<p>Vols saber com aconseguir-ho?<\/p>\n\n\n\n<p>Demana la teva cita amb el nostre professional Marc Serra i ell t\u2019ajudar\u00e0 a millorar la teva salut. Informa\u2019t!<\/p>\n<\/div><!-- .vgblk-rw-wrapper -->","protected":false},"excerpt":{"rendered":"<p>Presentes algun d\u2019aquests s\u00edmptomes: Aquests poden ser provocats per: Aix\u00f2 pot provocar l\u2019activaci\u00f3 d\u2019una resposta immunol\u00f2gica amb la qual es relaciona la HISTAMINA, una subst\u00e0ncia que actua com hormona i com a neurotransmissor i que pot provocar els s\u00edmptomes que hem anomenat abans. Per aix\u00f2 \u00e9s molt important fer una bona valoraci\u00f3 de l\u2019estat del&#8230;<\/p>\n","protected":false},"author":1,"featured_media":988584,"comment_status":"closed","ping_status":"open","sticky":false,"template":"","format":"standard","meta":{"footnotes":""},"categories":[1],"tags":[],"class_list":["post-989577","post","type-post","status-publish","format-standard","has-post-thumbnail","hentry","category-sin-categoria"],"yoast_head":"<!-- This site is optimized with the Yoast SEO plugin v26.6 - https:\/\/yoast.com\/wordpress\/plugins\/seo\/ -->\n<title>Intolerancia a la histamina: causas y tratamiento natural | Osteovital<\/title>\n<meta name=\"description\" content=\"Descubre qu\u00e9 es la histamina, sus efectos en el cuerpo y c\u00f3mo mejorar los s\u00edntomas con un enfoque natural en Osteovital Sabadell.\" \/>\n<meta name=\"robots\" content=\"index, follow, max-snippet:-1, max-image-preview:large, max-video-preview:-1\" \/>\n<link rel=\"canonical\" href=\"https:\/\/www.osteovitalsabadell.cat\/es\/la-histamina\/\" \/>\n<meta property=\"og:locale\" content=\"es_ES\" \/>\n<meta property=\"og:type\" content=\"article\" \/>\n<meta property=\"og:title\" content=\"Intolerancia a la histamina: causas y tratamiento natural | Osteovital\" \/>\n<meta property=\"og:description\" content=\"Descubre qu\u00e9 es la histamina, sus efectos en el cuerpo y c\u00f3mo mejorar los s\u00edntomas con un enfoque natural en Osteovital Sabadell.\" \/>\n<meta property=\"og:url\" content=\"https:\/\/www.osteovitalsabadell.cat\/es\/la-histamina\/\" \/>\n<meta property=\"og:site_name\" content=\"Osteovital\" \/>\n<meta property=\"article:published_time\" content=\"2020-11-08T16:02:04+00:00\" \/>\n<meta property=\"article:modified_time\" content=\"2025-10-28T10:43:43+00:00\" \/>\n<meta property=\"og:image\" content=\"https:\/\/www.osteovitalsabadell.cat\/wp-content\/uploads\/2020\/11\/bigstock-Histamine-organic-neurotransmi-122028533-1.jpg\" \/>\n\t<meta property=\"og:image:width\" content=\"900\" \/>\n\t<meta property=\"og:image:height\" content=\"632\" \/>\n\t<meta property=\"og:image:type\" content=\"image\/jpeg\" \/>\n<meta name=\"author\" content=\"oimatica\" \/>\n<meta name=\"twitter:card\" content=\"summary_large_image\" \/>\n<meta name=\"twitter:label1\" content=\"Escrito por\" \/>\n\t<meta name=\"twitter:data1\" content=\"oimatica\" \/>\n\t<meta name=\"twitter:label2\" content=\"Tiempo de lectura\" \/>\n\t<meta name=\"twitter:data2\" content=\"2 minutos\" \/>\n<script type=\"application\/ld+json\" class=\"yoast-schema-graph\">{\"@context\":\"https:\/\/schema.org\",\"@graph\":[{\"@type\":\"WebPage\",\"@id\":\"https:\/\/www.osteovitalsabadell.cat\/es\/la-histamina\/\",\"url\":\"https:\/\/www.osteovitalsabadell.cat\/es\/la-histamina\/\",\"name\":\"Intolerancia a la histamina: causas y tratamiento natural | Osteovital\",\"isPartOf\":{\"@id\":\"https:\/\/www.osteovitalsabadell.cat\/es\/#website\"},\"primaryImageOfPage\":{\"@id\":\"https:\/\/www.osteovitalsabadell.cat\/es\/la-histamina\/#primaryimage\"},\"image\":{\"@id\":\"https:\/\/www.osteovitalsabadell.cat\/es\/la-histamina\/#primaryimage\"},\"thumbnailUrl\":\"https:\/\/www.osteovitalsabadell.cat\/wp-content\/uploads\/2020\/11\/bigstock-Histamine-organic-neurotransmi-122028533-1.jpg\",\"datePublished\":\"2020-11-08T16:02:04+00:00\",\"dateModified\":\"2025-10-28T10:43:43+00:00\",\"author\":{\"@id\":\"https:\/\/www.osteovitalsabadell.cat\/es\/#\/schema\/person\/f564001e8746a468a85deb8fe6d4efe1\"},\"description\":\"Descubre qu\u00e9 es la histamina, sus efectos en el cuerpo y c\u00f3mo mejorar los s\u00edntomas con un enfoque natural en Osteovital Sabadell.\",\"breadcrumb\":{\"@id\":\"https:\/\/www.osteovitalsabadell.cat\/es\/la-histamina\/#breadcrumb\"},\"inLanguage\":\"es\",\"potentialAction\":[{\"@type\":\"ReadAction\",\"target\":[\"https:\/\/www.osteovitalsabadell.cat\/es\/la-histamina\/\"]}]},{\"@type\":\"ImageObject\",\"inLanguage\":\"es\",\"@id\":\"https:\/\/www.osteovitalsabadell.cat\/es\/la-histamina\/#primaryimage\",\"url\":\"https:\/\/www.osteovitalsabadell.cat\/wp-content\/uploads\/2020\/11\/bigstock-Histamine-organic-neurotransmi-122028533-1.jpg\",\"contentUrl\":\"https:\/\/www.osteovitalsabadell.cat\/wp-content\/uploads\/2020\/11\/bigstock-Histamine-organic-neurotransmi-122028533-1.jpg\",\"width\":900,\"height\":632,\"caption\":\"Particulas\"},{\"@type\":\"BreadcrumbList\",\"@id\":\"https:\/\/www.osteovitalsabadell.cat\/es\/la-histamina\/#breadcrumb\",\"itemListElement\":[{\"@type\":\"ListItem\",\"position\":1,\"name\":\"Home\",\"item\":\"https:\/\/www.osteovitalsabadell.cat\/es\/inicio\/\"},{\"@type\":\"ListItem\",\"position\":2,\"name\":\"La Histamina\"}]},{\"@type\":\"WebSite\",\"@id\":\"https:\/\/www.osteovitalsabadell.cat\/es\/#website\",\"url\":\"https:\/\/www.osteovitalsabadell.cat\/es\/\",\"name\":\"Osteovital\",\"description\":\"Osteopatia i Fisioter\u00e0pia a Sabadell\",\"potentialAction\":[{\"@type\":\"SearchAction\",\"target\":{\"@type\":\"EntryPoint\",\"urlTemplate\":\"https:\/\/www.osteovitalsabadell.cat\/es\/?s={search_term_string}\"},\"query-input\":{\"@type\":\"PropertyValueSpecification\",\"valueRequired\":true,\"valueName\":\"search_term_string\"}}],\"inLanguage\":\"es\"},{\"@type\":\"Person\",\"@id\":\"https:\/\/www.osteovitalsabadell.cat\/es\/#\/schema\/person\/f564001e8746a468a85deb8fe6d4efe1\",\"name\":\"oimatica\",\"image\":{\"@type\":\"ImageObject\",\"inLanguage\":\"es\",\"@id\":\"https:\/\/www.osteovitalsabadell.cat\/es\/#\/schema\/person\/image\/\",\"url\":\"https:\/\/www.osteovitalsabadell.cat\/wp-content\/litespeed\/avatar\/813f0224501b2fc216d361bdbf886e53.jpg?ver=1777068831\",\"contentUrl\":\"https:\/\/www.osteovitalsabadell.cat\/wp-content\/litespeed\/avatar\/813f0224501b2fc216d361bdbf886e53.jpg?ver=1777068831\",\"caption\":\"oimatica\"},\"url\":\"https:\/\/www.osteovitalsabadell.cat\/es\/author\/oimatica\/\"}]}<\/script>\n<!-- \/ Yoast SEO plugin. -->","yoast_head_json":{"title":"Intolerancia a la histamina: causas y tratamiento natural | Osteovital","description":"Descubre qu\u00e9 es la histamina, sus efectos en el cuerpo y c\u00f3mo mejorar los s\u00edntomas con un enfoque natural en Osteovital Sabadell.","robots":{"index":"index","follow":"follow","max-snippet":"max-snippet:-1","max-image-preview":"max-image-preview:large","max-video-preview":"max-video-preview:-1"},"canonical":"https:\/\/www.osteovitalsabadell.cat\/es\/la-histamina\/","og_locale":"es_ES","og_type":"article","og_title":"Intolerancia a la histamina: causas y tratamiento natural | Osteovital","og_description":"Descubre qu\u00e9 es la histamina, sus efectos en el cuerpo y c\u00f3mo mejorar los s\u00edntomas con un enfoque natural en Osteovital Sabadell.","og_url":"https:\/\/www.osteovitalsabadell.cat\/es\/la-histamina\/","og_site_name":"Osteovital","article_published_time":"2020-11-08T16:02:04+00:00","article_modified_time":"2025-10-28T10:43:43+00:00","og_image":[{"width":900,"height":632,"url":"https:\/\/www.osteovitalsabadell.cat\/wp-content\/uploads\/2020\/11\/bigstock-Histamine-organic-neurotransmi-122028533-1.jpg","type":"image\/jpeg"}],"author":"oimatica","twitter_card":"summary_large_image","twitter_misc":{"Escrito por":"oimatica","Tiempo de lectura":"2 minutos"},"schema":{"@context":"https:\/\/schema.org","@graph":[{"@type":"WebPage","@id":"https:\/\/www.osteovitalsabadell.cat\/es\/la-histamina\/","url":"https:\/\/www.osteovitalsabadell.cat\/es\/la-histamina\/","name":"Intolerancia a la histamina: causas y tratamiento natural | Osteovital","isPartOf":{"@id":"https:\/\/www.osteovitalsabadell.cat\/es\/#website"},"primaryImageOfPage":{"@id":"https:\/\/www.osteovitalsabadell.cat\/es\/la-histamina\/#primaryimage"},"image":{"@id":"https:\/\/www.osteovitalsabadell.cat\/es\/la-histamina\/#primaryimage"},"thumbnailUrl":"https:\/\/www.osteovitalsabadell.cat\/wp-content\/uploads\/2020\/11\/bigstock-Histamine-organic-neurotransmi-122028533-1.jpg","datePublished":"2020-11-08T16:02:04+00:00","dateModified":"2025-10-28T10:43:43+00:00","author":{"@id":"https:\/\/www.osteovitalsabadell.cat\/es\/#\/schema\/person\/f564001e8746a468a85deb8fe6d4efe1"},"description":"Descubre qu\u00e9 es la histamina, sus efectos en el cuerpo y c\u00f3mo mejorar los s\u00edntomas con un enfoque natural en Osteovital Sabadell.","breadcrumb":{"@id":"https:\/\/www.osteovitalsabadell.cat\/es\/la-histamina\/#breadcrumb"},"inLanguage":"es","potentialAction":[{"@type":"ReadAction","target":["https:\/\/www.osteovitalsabadell.cat\/es\/la-histamina\/"]}]},{"@type":"ImageObject","inLanguage":"es","@id":"https:\/\/www.osteovitalsabadell.cat\/es\/la-histamina\/#primaryimage","url":"https:\/\/www.osteovitalsabadell.cat\/wp-content\/uploads\/2020\/11\/bigstock-Histamine-organic-neurotransmi-122028533-1.jpg","contentUrl":"https:\/\/www.osteovitalsabadell.cat\/wp-content\/uploads\/2020\/11\/bigstock-Histamine-organic-neurotransmi-122028533-1.jpg","width":900,"height":632,"caption":"Particulas"},{"@type":"BreadcrumbList","@id":"https:\/\/www.osteovitalsabadell.cat\/es\/la-histamina\/#breadcrumb","itemListElement":[{"@type":"ListItem","position":1,"name":"Home","item":"https:\/\/www.osteovitalsabadell.cat\/es\/inicio\/"},{"@type":"ListItem","position":2,"name":"La Histamina"}]},{"@type":"WebSite","@id":"https:\/\/www.osteovitalsabadell.cat\/es\/#website","url":"https:\/\/www.osteovitalsabadell.cat\/es\/","name":"Osteovital","description":"Osteopatia i Fisioter\u00e0pia a Sabadell","potentialAction":[{"@type":"SearchAction","target":{"@type":"EntryPoint","urlTemplate":"https:\/\/www.osteovitalsabadell.cat\/es\/?s={search_term_string}"},"query-input":{"@type":"PropertyValueSpecification","valueRequired":true,"valueName":"search_term_string"}}],"inLanguage":"es"},{"@type":"Person","@id":"https:\/\/www.osteovitalsabadell.cat\/es\/#\/schema\/person\/f564001e8746a468a85deb8fe6d4efe1","name":"oimatica","image":{"@type":"ImageObject","inLanguage":"es","@id":"https:\/\/www.osteovitalsabadell.cat\/es\/#\/schema\/person\/image\/","url":"https:\/\/www.osteovitalsabadell.cat\/wp-content\/litespeed\/avatar\/813f0224501b2fc216d361bdbf886e53.jpg?ver=1777068831","contentUrl":"https:\/\/www.osteovitalsabadell.cat\/wp-content\/litespeed\/avatar\/813f0224501b2fc216d361bdbf886e53.jpg?ver=1777068831","caption":"oimatica"},"url":"https:\/\/www.osteovitalsabadell.cat\/es\/author\/oimatica\/"}]}},"_links":{"self":[{"href":"https:\/\/www.osteovitalsabadell.cat\/es\/wp-json\/wp\/v2\/posts\/989577","targetHints":{"allow":["GET"]}}],"collection":[{"href":"https:\/\/www.osteovitalsabadell.cat\/es\/wp-json\/wp\/v2\/posts"}],"about":[{"href":"https:\/\/www.osteovitalsabadell.cat\/es\/wp-json\/wp\/v2\/types\/post"}],"author":[{"embeddable":true,"href":"https:\/\/www.osteovitalsabadell.cat\/es\/wp-json\/wp\/v2\/users\/1"}],"replies":[{"embeddable":true,"href":"https:\/\/www.osteovitalsabadell.cat\/es\/wp-json\/wp\/v2\/comments?post=989577"}],"version-history":[{"count":2,"href":"https:\/\/www.osteovitalsabadell.cat\/es\/wp-json\/wp\/v2\/posts\/989577\/revisions"}],"predecessor-version":[{"id":989616,"href":"https:\/\/www.osteovitalsabadell.cat\/es\/wp-json\/wp\/v2\/posts\/989577\/revisions\/989616"}],"wp:featuredmedia":[{"embeddable":true,"href":"https:\/\/www.osteovitalsabadell.cat\/es\/wp-json\/wp\/v2\/media\/988584"}],"wp:attachment":[{"href":"https:\/\/www.osteovitalsabadell.cat\/es\/wp-json\/wp\/v2\/media?parent=989577"}],"wp:term":[{"taxonomy":"category","embeddable":true,"href":"https:\/\/www.osteovitalsabadell.cat\/es\/wp-json\/wp\/v2\/categories?post=989577"},{"taxonomy":"post_tag","embeddable":true,"href":"https:\/\/www.osteovitalsabadell.cat\/es\/wp-json\/wp\/v2\/tags?post=989577"}],"curies":[{"name":"wp","href":"https:\/\/api.w.org\/{rel}","templated":true}]}}