{"id":989581,"date":"2020-05-01T16:59:04","date_gmt":"2020-05-01T14:59:04","guid":{"rendered":"https:\/\/www.osteovitalsabadell.cat\/?p=989581"},"modified":"2025-10-28T12:46:06","modified_gmt":"2025-10-28T10:46:06","slug":"que-sabemos-de-los-vertigenes","status":"publish","type":"post","link":"https:\/\/www.osteovitalsabadell.cat\/es\/que-sabemos-de-los-vertigenes\/","title":{"rendered":"\u00bfQu\u00e9 sabemos de los VERT\u00cdGENES?"},"content":{"rendered":"<div class=\"vgblk-rw-wrapper limit-wrapper\">\n<p>El vertigen \u00e9s la sensaci\u00f3 il\u00b7lus\u00f2ria i irreal de que l\u2019entorn i els objectes que ens envolten estan girant al nostre voltant. Tenim la sensaci\u00f3 de com si an\u00e9ssim a caure en qualsevol moment.<\/p>\n\n\n\n<p>El vertigen no s&#8217;ha de confondre amb el mareig, ja que aquest provoca sensaci\u00f3 d&#8217;inestabilitat i d&#8217;inseguretat, per\u00f2 no hi ha una percepci\u00f3 de gir dels objectes.<\/p>\n\n\n\n<p><strong><u>Quines s\u00f3n les causes que el generen?<\/u><\/strong><\/p>\n\n\n\n<p>Les possibles causes s\u00f3n:<\/p>\n\n\n<p>[list list_type=\u00bb2&#8243; animation=\u00bb\u00bb actions=\u00bbicon-right-4^icon-right-4^icon-right-4&#8243; colors=\u00bb^^\u00bb list_item_content=\u00bbAlteraci\u00f3 de l\u2019o\u00efda interna que regula l\u2019equilibri a trav\u00e9s dels canals semicirculars i els ot\u00f2lits.^Disfunci\u00f3 o sobrecarrega cervical.^Alteraci\u00f3 del sistema nervi\u00f3s central.\u00bb sc_id=\u00bbsc1588344387245&#8243;]<\/p>\n\n\n\n<p><strong><u>Quins tipus de vertigen hi ha?<\/u><\/strong><\/p>\n\n\n\n<ol class=\"wp-block-list\">\n<li><strong><u>VERTIGEN D\u2019ORIGEN CENTRAL<\/u><\/strong><\/li>\n<\/ol>\n\n\n\n<p>Causat per un problema al sistema nervi\u00f3s central (SNC), podent afectar al cervell, cerebel i al tronc encef\u00e0lic. Pot passar en patologies com esclerosis m\u00faltiple, accident vascular cerebral (AVC), tumor cerebel\u00b7l\u00f3s o migranya basilar.<\/p>\n\n\n<p>[list list_type=\u00bb2&#8243; animation=\u00bb\u00bb actions=\u00bbicon-right-4^icon-right-4^icon-right-4^icon-right-4^icon-right-4&#8243; colors=\u00bb^^^^\u00bb list_item_content=\u00bbEl vertigen d\u2019origen central es presenta en el 15% dels casos.^Inici: sobtat i progressiu.^Duraci\u00f3: de segons a dies.^Com es desencadena: \u00c9s constant , amb alguns pics, per\u00f2 pot durar tot el dia^Simptomatologia: dificultat per expressar-se al parlar o entendre la conversa (af\u00e0sia), parla lenta (dis\u00e0rtria), no hi ha s\u00edmptomes auditius i nistagmes vertical (oscil\u2022laci\u00f3 r\u00edtmica i involunt\u00e0ria d\u2019un o els dos ulls que no desapareix amb la fixaci\u00f3 de la mirada).\u00bb sc_id=\u00bbsc1588344456974&#8243;]<\/p>\n\n\n\n<ol start=\"2\" class=\"wp-block-list\">\n<li><strong><u>VERTIGEN D\u2019ORIGEN PERIF\u00c8RIC<\/u><\/strong><\/li>\n<\/ol>\n\n\n\n<p>Causat per un problema a la part de l\u2019o\u00efda interna que controla l\u2019equilibri, concretament el canal semicircular o laberint vestibular. Tamb\u00e9 es pot veure involucrat o afectat el nervi vestibular que connecta l\u2019o\u00efda amb el tronc de l\u2019enc\u00e8fal.<\/p>\n\n\n<p>[list list_type=\u00bb2&#8243; animation=\u00bb\u00bb actions=\u00bbicon-right-4^icon-right-4^icon-right-4^icon-right-4^icon-right-4&#8243; colors=\u00bb^^^^\u00bb list_item_content=\u00bbEl vertigen d\u2019origen perif\u00e8ric es presenta en el 85% dels casos.^Inici: sobtat i parox\u00edstic (va i ve).^Duraci\u00f3: De menys d\u2019un minut a hores.^Com es desencadena: Canvis de posici\u00f3.^S\u00edmptomes: Hipoac\u00fasia (p\u00e8rdua d\u2019audici\u00f3), ac\u00fafens (sorolls a les orelles), tinitus (xiulet agut), nistagmes horitzontals (oscil\u2022laci\u00f3 r\u00edtmica i involunt\u00e0ria d\u2019un o els dos ulls que es fatiga amb la fixaci\u00f3 de la mirada) i no hi ha simptomatologia neurol\u00f2gica.\u00bb sc_id=\u00bbsc1588344521135&#8243;]<\/p>\n\n\n\n<p><strong><u>Quins tipus de vertigen perif\u00e8ric hi ha?<\/u><\/strong><\/p>\n\n\n\n<p><strong>Vertigen posicional parox\u00edstic benigne (VPPB)<\/strong><\/p>\n\n\n<p>[list list_type=\u00bb2&#8243; animation=\u00bb\u00bb actions=\u00bbicon-right-4^icon-right-4^icon-right-4^icon-right-4^icon-right-4^icon-right-4^icon-right-4&#8243; colors=\u00bb^^^^^^\u00bb list_item_content=\u00bbS\u2019origina de cop i en canvis de posici\u00f3 com per exemple aixecar-se o tombar-se al llit.^Desapareix al cap d\u2019uns segons o minuts fixant la mirada sense moure el cap.^La majoria (30%) afecta al canal semicircular posterior.^Desencadena reaccions auton\u00f2miques com n\u00e0usees, v\u00f2mits, sudoraci\u00f3, pal\u2022lidesa.^Pot haver hiposc\u00fasia unilateral (nom\u00e9s un costat) ^Es poden diagnosticar amb la maniobra coneguda com Dix-hallpikes amb l\u2019aparici\u00f3 del nistagmes ( moviment en horitzontal de l\u2019ull).^Es pot corregir amb una maniobra anomenada Eppley o tamb\u00e9 amb una altra anomenada Semont.\u00bb sc_id=\u00bbsc1588344605775&#8243;]<\/p>\n\n\n\n<p><strong>Medicaci\u00f3 otot\u00f2xica<\/strong><\/p>\n\n\n<p>[list list_type=\u00bb2&#8243; animation=\u00bb\u00bb actions=\u00bbicon-right-4&#8243; colors=\u00bb\u00bb list_item_content=\u00bbDegut a ingesta d\u2019antiinflamatoris, glicines, antipsic\u00f2tics i alcohol.\u00bb sc_id=\u00bbsc1588344637608&#8243;]<\/p>\n\n\n\n<p><strong>Otitis mitja<\/strong><\/p>\n\n\n<p>[list list_type=\u00bb2&#8243; animation=\u00bb\u00bb actions=\u00bbicon-right-4^icon-right-4&#8243; colors=\u00bb^\u00bb list_item_content=\u00bb\u00c9s una infecci\u00f3 de l\u2019o\u00efda mitja. Les trompes d\u2019Eustaqui s\u2019inflamen i poden bloquejar-se i fer que s\u2019acumuli l\u00edquid dins de l\u2019o\u00efda interna. Aquest l\u00edquid pot infectar-se i causar els s\u00edmptomes t\u00edpics d\u2019una infecci\u00f3 d\u2019o\u00efda.^Ve acompanyada de hipoac\u00fasia (p\u00e8rdua d\u2019audici\u00f3) i ac\u00fafens\u00bb sc_id=\u00bbsc1588344682572&#8243;]<\/p>\n\n\n\n<p><strong>Neuritis vestibular<\/strong><\/p>\n\n\n<p>[list list_type=\u00bb2&#8243; animation=\u00bb\u00bb actions=\u00bbicon-right-4^icon-right-4^icon-right-4&#8243; colors=\u00bb^^\u00bb list_item_content=\u00bbInflamaci\u00f3 del nervi vestibular provocada per un virus.^Sol durar de 2 dies a 2 setmanes. ^No hi ha hipoac\u00fasia ni tinitus, per\u00f2 si vertigen, v\u00f2mits i n\u00e0usees.\u00bb sc_id=\u00bbsc1588344725761&#8243;]<\/p>\n\n\n\n<p><strong>Laberintitis o vertigen d\u2019origen laber\u00edntic<\/strong><\/p>\n\n\n<p>[list list_type=\u00bb2&#8243; animation=\u00bb\u00bb actions=\u00bbicon-right-4^icon-right-4^icon-right-4&#8243; colors=\u00bb^^\u00bb list_item_content=\u00bbEl laberint \u00e9s una part de l\u2019o\u00efda interna que t\u00e9 la finalitat de mantenir l\u2019equilibri.^La laberintitis \u00e9s la inflamaci\u00f3 o infecci\u00f3 del laberint, que forma part de l\u2019o\u00efda interna que t\u00e9 la finalitat de mantenir l\u2019equilibri. ^Provoca hipoac\u00fasia (p\u00e8rdua d\u2019audici\u00f3), trastorns de l\u2019equilibri i en ocasions ac\u00fafens.\u00bb sc_id=\u00bbsc1588344772470&#8243;]<\/p>\n\n\n\n<p><strong>Malaltia de Meni\u00e8re<\/strong><\/p>\n\n\n<p>[list list_type=\u00bb2&#8243; animation=\u00bb\u00bb actions=\u00bbicon-right-4^icon-right-4^icon-right-4^icon-right-4^icon-right-4&#8243; colors=\u00bb^^^^\u00bb list_item_content=\u00bbPot apar\u00e8ixer a qualsevol edat, per\u00f2 predomina al principi de l\u2019adultesa i la mitjana edat.^Provoca hipoac\u00fasia (p\u00e8rdua d\u2019audici\u00f3), ac\u00fafens, n\u00e0usees, vertigen i sensaci\u00f3 de tap a l\u2019orella.^\u00c9s una malaltia cr\u00f2nica amb episodis de vertigen de 5 minuts a 5 hores, per\u00f2 no m\u00e9s de 24 hores.^Es pot agreujar amb la possibilitat de p\u00e8rdua d\u2019audici\u00f3 absoluta.^Es desconeix la causa d\u2019aquesta malaltia, sembla ser el resultat d\u2019una quantitat anormal de perilimfa (l\u00edquid que hi ha dins de l\u2019o\u00efda interna).\u00bb sc_id=\u00bbsc1588344838989&#8243;]<\/p>\n\n\n\n<p><strong>Neurinoma del nervi vestibular (VIII)<\/strong><\/p>\n\n\n<p>[list list_type=\u00bb2&#8243; animation=\u00bb\u00bb actions=\u00bbicon-right-4^icon-right-4^icon-right-4^icon-right-4&#8243; colors=\u00bb^^^\u00bb list_item_content=\u00bb\u00c9s un tumor, no cancer\u00f3s, poc freq\u00fcent que es forma en el nervi vestibular que va de la part interna de l\u2019o\u00efda fins al cervell.^El tumor creix de forma molt lenta.^Provoca hipoac\u00fasia(p\u00e8rdua d\u2019audici\u00f3), ac\u00fafens i vertigen.^Com a possible tractament seria el control peri\u00f2dic, radiaci\u00f3 o extirpaci\u00f3 quir\u00fargica.\u00bb sc_id=\u00bbsc1588344892435&#8243;]<\/p>\n\n\n\n<p><strong>Pseudo vertigen cervical (SVC)<\/strong><\/p>\n\n\n<p>[list list_type=\u00bb2&#8243; animation=\u00bb\u00bb actions=\u00bbicon-right-4^icon-right-4&#8243; colors=\u00bb^\u00bb list_item_content=\u00bbCursa amb limitaci\u00f3 funcional i dolor a la columna cervical.^S\u2019ha de descartar problema vascular (art\u00e8ria vertebral).\u00bb sc_id=\u00bbsc1588344938868&#8243;]<\/p>\n\n\n\n<p><strong><u>Quin tipus de tractament es podria aplicar?<\/u><\/strong><\/p>\n\n\n\n<p>Els vertigens d\u2019origen perif\u00e8ric es poden tractar i millora amb l\u2019osteopatia.<\/p>\n<\/div><!-- .vgblk-rw-wrapper -->","protected":false},"excerpt":{"rendered":"<p>El vertigen \u00e9s la sensaci\u00f3 il\u00b7lus\u00f2ria i irreal de que l\u2019entorn i els objectes que ens envolten estan girant al nostre voltant. Tenim la sensaci\u00f3 de com si an\u00e9ssim a caure en qualsevol moment. El vertigen no s&#8217;ha de confondre amb el mareig, ja que aquest provoca sensaci\u00f3 d&#8217;inestabilitat i d&#8217;inseguretat, per\u00f2 no hi ha&#8230;<\/p>\n","protected":false},"author":1,"featured_media":988580,"comment_status":"closed","ping_status":"open","sticky":false,"template":"","format":"standard","meta":{"footnotes":""},"categories":[1],"tags":[],"class_list":["post-989581","post","type-post","status-publish","format-standard","has-post-thumbnail","hentry","category-sin-categoria"],"yoast_head":"<!-- This site is optimized with the Yoast SEO plugin v26.6 - https:\/\/yoast.com\/wordpress\/plugins\/seo\/ -->\n<title>V\u00e9rtigos: causas y tratamiento natural con osteopat\u00eda | Osteovital<\/title>\n<meta name=\"description\" content=\"Descubre c\u00f3mo la osteopat\u00eda y la fisioterapia vestibular pueden ayudarte a aliviar el v\u00e9rtigo y recuperar el equilibrio. Tratamiento en Sabadell.\" \/>\n<meta name=\"robots\" content=\"index, follow, max-snippet:-1, max-image-preview:large, max-video-preview:-1\" \/>\n<link rel=\"canonical\" href=\"https:\/\/www.osteovitalsabadell.cat\/es\/que-sabemos-de-los-vertigenes\/\" \/>\n<meta property=\"og:locale\" content=\"es_ES\" \/>\n<meta property=\"og:type\" content=\"article\" \/>\n<meta property=\"og:title\" content=\"V\u00e9rtigos: causas y tratamiento natural con osteopat\u00eda | Osteovital\" \/>\n<meta property=\"og:description\" content=\"Descubre c\u00f3mo la osteopat\u00eda y la fisioterapia vestibular pueden ayudarte a aliviar el v\u00e9rtigo y recuperar el equilibrio. Tratamiento en Sabadell.\" \/>\n<meta property=\"og:url\" content=\"https:\/\/www.osteovitalsabadell.cat\/es\/que-sabemos-de-los-vertigenes\/\" \/>\n<meta property=\"og:site_name\" content=\"Osteovital\" \/>\n<meta property=\"article:published_time\" content=\"2020-05-01T14:59:04+00:00\" \/>\n<meta property=\"article:modified_time\" content=\"2025-10-28T10:46:06+00:00\" \/>\n<meta property=\"og:image\" content=\"https:\/\/www.osteovitalsabadell.cat\/wp-content\/uploads\/2020\/05\/tratamento-para-labirintite.jpg\" \/>\n\t<meta property=\"og:image:width\" content=\"598\" \/>\n\t<meta property=\"og:image:height\" content=\"336\" \/>\n\t<meta property=\"og:image:type\" content=\"image\/jpeg\" \/>\n<meta name=\"author\" content=\"oimatica\" \/>\n<meta name=\"twitter:card\" content=\"summary_large_image\" \/>\n<meta name=\"twitter:label1\" content=\"Escrito por\" \/>\n\t<meta name=\"twitter:data1\" content=\"oimatica\" \/>\n\t<meta name=\"twitter:label2\" content=\"Tiempo de lectura\" \/>\n\t<meta name=\"twitter:data2\" content=\"5 minutos\" \/>\n<script type=\"application\/ld+json\" class=\"yoast-schema-graph\">{\"@context\":\"https:\/\/schema.org\",\"@graph\":[{\"@type\":\"WebPage\",\"@id\":\"https:\/\/www.osteovitalsabadell.cat\/es\/que-sabemos-de-los-vertigenes\/\",\"url\":\"https:\/\/www.osteovitalsabadell.cat\/es\/que-sabemos-de-los-vertigenes\/\",\"name\":\"V\u00e9rtigos: causas y tratamiento natural con osteopat\u00eda | Osteovital\",\"isPartOf\":{\"@id\":\"https:\/\/www.osteovitalsabadell.cat\/es\/#website\"},\"primaryImageOfPage\":{\"@id\":\"https:\/\/www.osteovitalsabadell.cat\/es\/que-sabemos-de-los-vertigenes\/#primaryimage\"},\"image\":{\"@id\":\"https:\/\/www.osteovitalsabadell.cat\/es\/que-sabemos-de-los-vertigenes\/#primaryimage\"},\"thumbnailUrl\":\"https:\/\/www.osteovitalsabadell.cat\/wp-content\/uploads\/2020\/05\/tratamento-para-labirintite.jpg\",\"datePublished\":\"2020-05-01T14:59:04+00:00\",\"dateModified\":\"2025-10-28T10:46:06+00:00\",\"author\":{\"@id\":\"https:\/\/www.osteovitalsabadell.cat\/es\/#\/schema\/person\/f564001e8746a468a85deb8fe6d4efe1\"},\"description\":\"Descubre c\u00f3mo la osteopat\u00eda y la fisioterapia vestibular pueden ayudarte a aliviar el v\u00e9rtigo y recuperar el equilibrio. Tratamiento en Sabadell.\",\"breadcrumb\":{\"@id\":\"https:\/\/www.osteovitalsabadell.cat\/es\/que-sabemos-de-los-vertigenes\/#breadcrumb\"},\"inLanguage\":\"es\",\"potentialAction\":[{\"@type\":\"ReadAction\",\"target\":[\"https:\/\/www.osteovitalsabadell.cat\/es\/que-sabemos-de-los-vertigenes\/\"]}]},{\"@type\":\"ImageObject\",\"inLanguage\":\"es\",\"@id\":\"https:\/\/www.osteovitalsabadell.cat\/es\/que-sabemos-de-los-vertigenes\/#primaryimage\",\"url\":\"https:\/\/www.osteovitalsabadell.cat\/wp-content\/uploads\/2020\/05\/tratamento-para-labirintite.jpg\",\"contentUrl\":\"https:\/\/www.osteovitalsabadell.cat\/wp-content\/uploads\/2020\/05\/tratamento-para-labirintite.jpg\",\"width\":598,\"height\":336},{\"@type\":\"BreadcrumbList\",\"@id\":\"https:\/\/www.osteovitalsabadell.cat\/es\/que-sabemos-de-los-vertigenes\/#breadcrumb\",\"itemListElement\":[{\"@type\":\"ListItem\",\"position\":1,\"name\":\"Home\",\"item\":\"https:\/\/www.osteovitalsabadell.cat\/es\/inicio\/\"},{\"@type\":\"ListItem\",\"position\":2,\"name\":\"\u00bfQu\u00e9 sabemos de los VERT\u00cdGENES?\"}]},{\"@type\":\"WebSite\",\"@id\":\"https:\/\/www.osteovitalsabadell.cat\/es\/#website\",\"url\":\"https:\/\/www.osteovitalsabadell.cat\/es\/\",\"name\":\"Osteovital\",\"description\":\"Osteopatia i Fisioter\u00e0pia a Sabadell\",\"potentialAction\":[{\"@type\":\"SearchAction\",\"target\":{\"@type\":\"EntryPoint\",\"urlTemplate\":\"https:\/\/www.osteovitalsabadell.cat\/es\/?s={search_term_string}\"},\"query-input\":{\"@type\":\"PropertyValueSpecification\",\"valueRequired\":true,\"valueName\":\"search_term_string\"}}],\"inLanguage\":\"es\"},{\"@type\":\"Person\",\"@id\":\"https:\/\/www.osteovitalsabadell.cat\/es\/#\/schema\/person\/f564001e8746a468a85deb8fe6d4efe1\",\"name\":\"oimatica\",\"image\":{\"@type\":\"ImageObject\",\"inLanguage\":\"es\",\"@id\":\"https:\/\/www.osteovitalsabadell.cat\/es\/#\/schema\/person\/image\/\",\"url\":\"https:\/\/www.osteovitalsabadell.cat\/wp-content\/litespeed\/avatar\/813f0224501b2fc216d361bdbf886e53.jpg?ver=1777068831\",\"contentUrl\":\"https:\/\/www.osteovitalsabadell.cat\/wp-content\/litespeed\/avatar\/813f0224501b2fc216d361bdbf886e53.jpg?ver=1777068831\",\"caption\":\"oimatica\"},\"url\":\"https:\/\/www.osteovitalsabadell.cat\/es\/author\/oimatica\/\"}]}<\/script>\n<!-- \/ Yoast SEO plugin. -->","yoast_head_json":{"title":"V\u00e9rtigos: causas y tratamiento natural con osteopat\u00eda | Osteovital","description":"Descubre c\u00f3mo la osteopat\u00eda y la fisioterapia vestibular pueden ayudarte a aliviar el v\u00e9rtigo y recuperar el equilibrio. Tratamiento en Sabadell.","robots":{"index":"index","follow":"follow","max-snippet":"max-snippet:-1","max-image-preview":"max-image-preview:large","max-video-preview":"max-video-preview:-1"},"canonical":"https:\/\/www.osteovitalsabadell.cat\/es\/que-sabemos-de-los-vertigenes\/","og_locale":"es_ES","og_type":"article","og_title":"V\u00e9rtigos: causas y tratamiento natural con osteopat\u00eda | Osteovital","og_description":"Descubre c\u00f3mo la osteopat\u00eda y la fisioterapia vestibular pueden ayudarte a aliviar el v\u00e9rtigo y recuperar el equilibrio. Tratamiento en Sabadell.","og_url":"https:\/\/www.osteovitalsabadell.cat\/es\/que-sabemos-de-los-vertigenes\/","og_site_name":"Osteovital","article_published_time":"2020-05-01T14:59:04+00:00","article_modified_time":"2025-10-28T10:46:06+00:00","og_image":[{"width":598,"height":336,"url":"https:\/\/www.osteovitalsabadell.cat\/wp-content\/uploads\/2020\/05\/tratamento-para-labirintite.jpg","type":"image\/jpeg"}],"author":"oimatica","twitter_card":"summary_large_image","twitter_misc":{"Escrito por":"oimatica","Tiempo de lectura":"5 minutos"},"schema":{"@context":"https:\/\/schema.org","@graph":[{"@type":"WebPage","@id":"https:\/\/www.osteovitalsabadell.cat\/es\/que-sabemos-de-los-vertigenes\/","url":"https:\/\/www.osteovitalsabadell.cat\/es\/que-sabemos-de-los-vertigenes\/","name":"V\u00e9rtigos: causas y tratamiento natural con osteopat\u00eda | Osteovital","isPartOf":{"@id":"https:\/\/www.osteovitalsabadell.cat\/es\/#website"},"primaryImageOfPage":{"@id":"https:\/\/www.osteovitalsabadell.cat\/es\/que-sabemos-de-los-vertigenes\/#primaryimage"},"image":{"@id":"https:\/\/www.osteovitalsabadell.cat\/es\/que-sabemos-de-los-vertigenes\/#primaryimage"},"thumbnailUrl":"https:\/\/www.osteovitalsabadell.cat\/wp-content\/uploads\/2020\/05\/tratamento-para-labirintite.jpg","datePublished":"2020-05-01T14:59:04+00:00","dateModified":"2025-10-28T10:46:06+00:00","author":{"@id":"https:\/\/www.osteovitalsabadell.cat\/es\/#\/schema\/person\/f564001e8746a468a85deb8fe6d4efe1"},"description":"Descubre c\u00f3mo la osteopat\u00eda y la fisioterapia vestibular pueden ayudarte a aliviar el v\u00e9rtigo y recuperar el equilibrio. Tratamiento en Sabadell.","breadcrumb":{"@id":"https:\/\/www.osteovitalsabadell.cat\/es\/que-sabemos-de-los-vertigenes\/#breadcrumb"},"inLanguage":"es","potentialAction":[{"@type":"ReadAction","target":["https:\/\/www.osteovitalsabadell.cat\/es\/que-sabemos-de-los-vertigenes\/"]}]},{"@type":"ImageObject","inLanguage":"es","@id":"https:\/\/www.osteovitalsabadell.cat\/es\/que-sabemos-de-los-vertigenes\/#primaryimage","url":"https:\/\/www.osteovitalsabadell.cat\/wp-content\/uploads\/2020\/05\/tratamento-para-labirintite.jpg","contentUrl":"https:\/\/www.osteovitalsabadell.cat\/wp-content\/uploads\/2020\/05\/tratamento-para-labirintite.jpg","width":598,"height":336},{"@type":"BreadcrumbList","@id":"https:\/\/www.osteovitalsabadell.cat\/es\/que-sabemos-de-los-vertigenes\/#breadcrumb","itemListElement":[{"@type":"ListItem","position":1,"name":"Home","item":"https:\/\/www.osteovitalsabadell.cat\/es\/inicio\/"},{"@type":"ListItem","position":2,"name":"\u00bfQu\u00e9 sabemos de los VERT\u00cdGENES?"}]},{"@type":"WebSite","@id":"https:\/\/www.osteovitalsabadell.cat\/es\/#website","url":"https:\/\/www.osteovitalsabadell.cat\/es\/","name":"Osteovital","description":"Osteopatia i Fisioter\u00e0pia a Sabadell","potentialAction":[{"@type":"SearchAction","target":{"@type":"EntryPoint","urlTemplate":"https:\/\/www.osteovitalsabadell.cat\/es\/?s={search_term_string}"},"query-input":{"@type":"PropertyValueSpecification","valueRequired":true,"valueName":"search_term_string"}}],"inLanguage":"es"},{"@type":"Person","@id":"https:\/\/www.osteovitalsabadell.cat\/es\/#\/schema\/person\/f564001e8746a468a85deb8fe6d4efe1","name":"oimatica","image":{"@type":"ImageObject","inLanguage":"es","@id":"https:\/\/www.osteovitalsabadell.cat\/es\/#\/schema\/person\/image\/","url":"https:\/\/www.osteovitalsabadell.cat\/wp-content\/litespeed\/avatar\/813f0224501b2fc216d361bdbf886e53.jpg?ver=1777068831","contentUrl":"https:\/\/www.osteovitalsabadell.cat\/wp-content\/litespeed\/avatar\/813f0224501b2fc216d361bdbf886e53.jpg?ver=1777068831","caption":"oimatica"},"url":"https:\/\/www.osteovitalsabadell.cat\/es\/author\/oimatica\/"}]}},"_links":{"self":[{"href":"https:\/\/www.osteovitalsabadell.cat\/es\/wp-json\/wp\/v2\/posts\/989581","targetHints":{"allow":["GET"]}}],"collection":[{"href":"https:\/\/www.osteovitalsabadell.cat\/es\/wp-json\/wp\/v2\/posts"}],"about":[{"href":"https:\/\/www.osteovitalsabadell.cat\/es\/wp-json\/wp\/v2\/types\/post"}],"author":[{"embeddable":true,"href":"https:\/\/www.osteovitalsabadell.cat\/es\/wp-json\/wp\/v2\/users\/1"}],"replies":[{"embeddable":true,"href":"https:\/\/www.osteovitalsabadell.cat\/es\/wp-json\/wp\/v2\/comments?post=989581"}],"version-history":[{"count":2,"href":"https:\/\/www.osteovitalsabadell.cat\/es\/wp-json\/wp\/v2\/posts\/989581\/revisions"}],"predecessor-version":[{"id":989618,"href":"https:\/\/www.osteovitalsabadell.cat\/es\/wp-json\/wp\/v2\/posts\/989581\/revisions\/989618"}],"wp:featuredmedia":[{"embeddable":true,"href":"https:\/\/www.osteovitalsabadell.cat\/es\/wp-json\/wp\/v2\/media\/988580"}],"wp:attachment":[{"href":"https:\/\/www.osteovitalsabadell.cat\/es\/wp-json\/wp\/v2\/media?parent=989581"}],"wp:term":[{"taxonomy":"category","embeddable":true,"href":"https:\/\/www.osteovitalsabadell.cat\/es\/wp-json\/wp\/v2\/categories?post=989581"},{"taxonomy":"post_tag","embeddable":true,"href":"https:\/\/www.osteovitalsabadell.cat\/es\/wp-json\/wp\/v2\/tags?post=989581"}],"curies":[{"name":"wp","href":"https:\/\/api.w.org\/{rel}","templated":true}]}}