{"id":989583,"date":"2020-05-01T16:44:49","date_gmt":"2020-05-01T14:44:49","guid":{"rendered":"https:\/\/www.osteovitalsabadell.cat\/?p=989583"},"modified":"2025-10-28T12:47:18","modified_gmt":"2025-10-28T10:47:18","slug":"que-sabemos-del-sindrome-del-intestino-irritable","status":"publish","type":"post","link":"https:\/\/www.osteovitalsabadell.cat\/es\/que-sabemos-del-sindrome-del-intestino-irritable\/","title":{"rendered":"\u00bfQu\u00e9 sabemos del S\u00cdNDROME DEL INTESTINO IRRITABLE?"},"content":{"rendered":"<div class=\"vgblk-rw-wrapper limit-wrapper\">\n<p>La s\u00edndrome de l&#8217;intest\u00ed irritable (SII), tamb\u00e9 coneguda com a c\u00f2lon irritable, \u00e9s un trastorn cr\u00f2nic del tracte gastrointestinal.<\/p>\n\n\n\n<p>El tracte gastrointestinal aplega un conjunt d&#8217;\u00f2rgans units en forma de tub llarg des de la boca fins a l&#8217;anus: el menjar que ingerim passa per l&#8217;es\u00f2fag i es digereix a l&#8217;est\u00f3mac, i d&#8217;all\u00e0 va a parar a l&#8217;intest\u00ed prim, on els nutrients es digereixen i es reabsorbeixen parcialment. Finalment, arriba a l&#8217;intest\u00ed gros o c\u00f2lon, on es reabsorbeixen la resta de nutrients i es formen les femtes, que s&#8217;emmagatzemen al recte abans de ser expulsades.<\/p>\n\n\n\n<p>Hem de saber que les parets dels intestins estan formades per m\u00fasculs que es contrauen i es relaxen (moviment perist\u00e0ltic) per facilitar el transit dels aliments i finalment la defecaci\u00f3 de les restes. Una alteraci\u00f3 d\u2019aquests moviments i de la sensibilitat de l&#8217;intest\u00ed gruixut, serien els s\u00edmptomes principals del c\u00f2lon irritable.<\/p>\n\n\n\n<p>Algunes de les seves caracter\u00edstiques serien:<\/p>\n\n\n<p>[list list_type=\u00bb2&#8243; animation=\u00bb\u00bb actions=\u00bbicon-right-4^icon-right-4^icon-right-4^icon-right-4^icon-right-4^icon-right-4^icon-right-4&#8243; colors=\u00bb^^^^^^\u00bb list_item_content=\u00bbLa SII no \u00e9s una malaltia, sin\u00f3 un grup de manifestacions cl\u00edniques que es presenten juntes. ^Es caracteritza per dolor i inflor abdominal i tamb\u00e9 per una alteraci\u00f3 dels h\u00e0bits de defecaci\u00f3. ^De vegades es pot confondre amb afeccions que produeixen s\u00edmptomes similars, com la malaltia cel\u00edaca o la malaltia inflamat\u00f2ria intestinal.^La SII afecta el 12% de la poblaci\u00f3 d&#8217;arreu del m\u00f3n. ^Pot apar\u00e8ixer a qualsevol edat, per\u00f2 acostuma a presentar-se a l&#8217;inici de l&#8217;adolesc\u00e8ncia o de la maduresa. ^\u00c9s dues vegades m\u00e9s comuna en dones que en homes. ^Es tracta d&#8217;un trastorn for\u00e7a com\u00fa que no lesiona l&#8217;intest\u00ed gros, per\u00f2 que pot tenir un fort impacte en la qualitat de vida de les persones que el pateixen.\u00bb sc_id=\u00bbsc1588343687572&#8243;]<\/p>\n\n\n\n<p><strong><u>Quines s\u00f3n les causes que provoquen el SII?<\/u><\/strong><\/p>\n\n\n\n<p>Actualment se&#8217;n desconeix la causa exacta.<\/p>\n\n\n\n<p>Entre els factors que intervenen en la seva aparici\u00f3 trobem:<\/p>\n\n\n<p>[list list_type=\u00bb2&#8243; animation=\u00bb\u00bb actions=\u00bbicon-right-4^icon-right-4^icon-right-4^icon-right-4^icon-right-4^icon-right-4&#8243; colors=\u00bb^^^^^\u00bb list_item_content=\u00bbInfecci\u00f3 intestinal (SII post-infecciosa).^Estr\u00e8s emocional. Es creu que la SII \u00e9s un trastorn de la interacci\u00f3 entre el cervell i el tracte gastrointestinal. En per\u00edodes d&#8217;estr\u00e8s els nervis poden tornar-se m\u00e9s actius, fet que provoca que els intestins siguin m\u00e9s sensibles i es contraguin m\u00e9s.^Dieta inadequada. Alguns aliments es consideren molt perjudicials per a la SII, com els productes lactis, els edulcorants, els greixos i altres subst\u00e0ncies irritants de la mucosa intestinal (el caf\u00e8, l&#8217;alcohol, el tabac i el picant). ^Anomalies a la flora intestinal.^Anomalies en el sistema immunol\u00f2gic.^Les hormones.\u00bb sc_id=\u00bbsc1588343770091&#8243;]<\/p>\n\n\n\n<p><strong><u>Quins s\u00f3n els s\u00edmptomes?<\/u><\/strong><\/p>\n\n\n\n<p>Els m\u00e9s freq\u00fcents s\u00f3n:<\/p>\n\n\n<p>[list list_type=\u00bb2&#8243; animation=\u00bb\u00bb actions=\u00bbicon-right-4^icon-right-4^icon-right-4&#8243; colors=\u00bb^^\u00bb list_item_content=\u00bbDolor abdominal. S&#8217;origina per la pres\u00e8ncia de contraccions intestinals molt potents i per un augment de la sensibilitat intestinal.^Alteracions en l&#8217;h\u00e0bit deposicional (diarrea, restrenyiment o una alternan\u00e7a d&#8217;ambd\u00f3s trastorns). Es produeixen quan les contraccions s\u00f3n molt seguides o molt espaiades.^Distensi\u00f3 i inflor abdominal. Es deu a un tr\u00e0nsit anormal d&#8217;aire al llarg del tub digestiu i no a una major quantitat d&#8217;aire a l&#8217;intest\u00ed. Tot i aix\u00f2, en algunes persones aquest s\u00edmptoma es pot produir per una alteraci\u00f3 dels processos de fermentaci\u00f3 bacteriana intestinal que provocaria un augment de la producci\u00f3 de gas.\u00bb sc_id=\u00bbsc1588343829889&#8243;]<\/p>\n\n\n\n<p>Altres manifestacions inclouen sensaci\u00f3 d&#8217;evacuaci\u00f3 incompleta, mucositat blanquinosa en la deposici\u00f3, flatul\u00e8ncia, ardor d&#8217;est\u00f3mac, que ascendeix per la regi\u00f3 central del t\u00f2rax i digestions lentes.<\/p>\n\n\n\n<p>No es consideren s\u00edmptomes del SII:<\/p>\n\n\n<p>[list list_type=\u00bb2&#8243; animation=\u00bb\u00bb actions=\u00bbicon-right-4^icon-right-4^icon-right-4^icon-right-4&#8243; colors=\u00bb^^^\u00bb list_item_content=\u00bbPres\u00e8ncia de sang en la femta.^P\u00e8rdua de pes.^Febre.^Dolor abdominal constant.\u00bb sc_id=\u00bbsc1588343894445&#8243;]<\/p>\n\n\n\n<p>Aquestes manifestacions podrien indicar l&#8217;exist\u00e8ncia de malalties del c\u00f2lon m\u00e9s greus.<\/p>\n\n\n\n<p><strong><u>Com ho podr\u00edem diagnosticar?<\/u><\/strong><\/p>\n\n\n\n<p>No hi ha una prova diagn\u00f2stica espec\u00edfica del SII. Aquesta es detecta despr\u00e9s de descartar altres possibles afectacions que presenten s\u00edmptomes similars, com la malaltia cel\u00edaca, les infeccions lleus, les infeccions parasit\u00e0ries, diverses malalties inflamat\u00f2ries intestinals, el restrenyiment cr\u00f2nic funcional o el dolor abdominal cr\u00f2nic funcional.<\/p>\n\n\n\n<p>El diagn\u00f2stic es basa en: la pres\u00e8ncia dels s\u00edmptomes caracter\u00edstics, que s&#8217;han de mantenir com a m\u00ednim durant 12 setmanes (no necess\u00e0riament consecutives) durant el darrer any, i en la normalitat de l&#8217;exploraci\u00f3 f\u00edsica i dels resultats d&#8217;un nombre redu\u00eft de proves:<\/p>\n\n\n<p>[list list_type=\u00bb2&#8243; animation=\u00bb\u00bb actions=\u00bbicon-right-4^icon-right-4^icon-right-4^icon-right-4^icon-right-4^icon-right-4&#8243; colors=\u00bb^^^^^\u00bb list_item_content=\u00bbAn\u00e0lisi de sang (per saber si hi ha malaltia cel\u00edaca o an\u00e8mia).^An\u00e0lisi de la femta (per cercar evid\u00e8ncies de sang o d&#8217;infeccions).^Radiografies.^Colonosc\u00f2pia. \u00c9s un examen especialitzat per observar l&#8217;interior del c\u00f2lon mitjan\u00e7ant la introducci\u00f3 d&#8217;una sonda flexible a trav\u00e9s de l&#8217;anus. ^Bi\u00f2psies intestinals^Proves d\u2019al\u2022l\u00e8rgia i intoler\u00e0ncies aliment\u00e0ries\u00bb sc_id=\u00bbsc1588343989106&#8243;]<\/p>\n\n\n\n<p><strong><u>Quin seria el possible tractament a seguir?<\/u><\/strong><\/p>\n\n\n\n<p>Actualment el SII no t\u00e9 cura. El seu tractament per\u00f2, t\u00e9 l&#8217;objectiu d&#8217;alleujar-ne els s\u00edmptomes i consisteix en:<\/p>\n\n\n<p>[list list_type=\u00bb2&#8243; animation=\u00bb\u00bb actions=\u00bbicon-right-4^icon-right-4^icon-right-4^icon-right-4^icon-right-4^icon-right-4^icon-right-4^icon-right-4^icon-right-4^icon-right-4^icon-right-4&#8243; colors=\u00bb^^^^^^^^^^\u00bb list_item_content=\u00bbCanvis en l&#8217;estil de vida: fer exercici f\u00edsic de manera regular, evitant el sedentarisme.^Modificaci\u00f3 dels h\u00e0bits alimentaris.^Per esmorzar seria recomanable els seg\u00fcents productes: el pa sarra\u00ed, l\u2019alvocat, el formatge fresc d\u2019ovella o de cabra (si es digereix b\u00e9), la tonyina o \u201cbonito\u201d, el pernil ib\u00e8ric i els fruits secs com l\u2019avellana, les nous, nous i pinyons.^Per dinar o sopar seria recomanable els seg\u00fcents productes: peix blanc, blau, carn de la millor qualitat possible i tubercles com la patata o el moniato. S\u2019ha de vigilar amb les verdures com la ceba, el br\u00f2quil o la coliflor^Vigilar amb la fruita que pot produir inflor i gasos. L\u2019opci\u00f3 de fer poma o pera al forn est\u00e0 b\u00e9 si ho digerim b\u00e9.^Hidratar-se b\u00e9 amb aigua i infusions de camamilla seria una bona opci\u00f3.^Evitar alguns aliments i begudes com productes lactis o amb greix, la xocolata, el te, el caf\u00e8, les begudes amb cola o estimulants i l&#8217;alcohol.^Menjar a poc a poc.^Reduir les racions de menjar i evitar \u00e0pats abundants. ^Millora dels h\u00e0bits del son.^Visita amb els seg\u00fcents professionals: Digest\u00f2leg, Oste\u00f2pata, Psiconeuroimmun\u00f2leg, Psic\u00f2leg\u00bb sc_id=\u00bbsc1588344150142&#8243;]<\/p>\n<\/div><!-- .vgblk-rw-wrapper -->","protected":false},"excerpt":{"rendered":"<p>La s\u00edndrome de l&#8217;intest\u00ed irritable (SII), tamb\u00e9 coneguda com a c\u00f2lon irritable, \u00e9s un trastorn cr\u00f2nic del tracte gastrointestinal. El tracte gastrointestinal aplega un conjunt d&#8217;\u00f2rgans units en forma de tub llarg des de la boca fins a l&#8217;anus: el menjar que ingerim passa per l&#8217;es\u00f2fag i es digereix a l&#8217;est\u00f3mac, i d&#8217;all\u00e0 va a&#8230;<\/p>\n","protected":false},"author":1,"featured_media":988579,"comment_status":"closed","ping_status":"open","sticky":false,"template":"","format":"standard","meta":{"footnotes":""},"categories":[1],"tags":[],"class_list":["post-989583","post","type-post","status-publish","format-standard","has-post-thumbnail","hentry","category-sin-categoria"],"yoast_head":"<!-- This site is optimized with the Yoast SEO plugin v26.6 - https:\/\/yoast.com\/wordpress\/plugins\/seo\/ -->\n<title>S\u00edndrome del intestino irritable: tratamiento natural con osteopat\u00eda | Osteovital<\/title>\n<meta name=\"description\" content=\"Descubre c\u00f3mo la osteopat\u00eda y la PNI pueden ayudarte a aliviar los s\u00edntomas del intestino irritable y mejorar tu salud digestiva.\" \/>\n<meta name=\"robots\" content=\"index, follow, max-snippet:-1, max-image-preview:large, max-video-preview:-1\" \/>\n<link rel=\"canonical\" href=\"https:\/\/www.osteovitalsabadell.cat\/es\/que-sabemos-del-sindrome-del-intestino-irritable\/\" \/>\n<meta property=\"og:locale\" content=\"es_ES\" \/>\n<meta property=\"og:type\" content=\"article\" \/>\n<meta property=\"og:title\" content=\"S\u00edndrome del intestino irritable: tratamiento natural con osteopat\u00eda | Osteovital\" \/>\n<meta property=\"og:description\" content=\"Descubre c\u00f3mo la osteopat\u00eda y la PNI pueden ayudarte a aliviar los s\u00edntomas del intestino irritable y mejorar tu salud digestiva.\" \/>\n<meta property=\"og:url\" content=\"https:\/\/www.osteovitalsabadell.cat\/es\/que-sabemos-del-sindrome-del-intestino-irritable\/\" \/>\n<meta property=\"og:site_name\" content=\"Osteovital\" \/>\n<meta property=\"article:published_time\" content=\"2020-05-01T14:44:49+00:00\" \/>\n<meta property=\"article:modified_time\" content=\"2025-10-28T10:47:18+00:00\" \/>\n<meta property=\"og:image\" content=\"https:\/\/www.osteovitalsabadell.cat\/wp-content\/uploads\/2020\/05\/colon_irritableok.jpg\" \/>\n\t<meta property=\"og:image:width\" content=\"840\" \/>\n\t<meta property=\"og:image:height\" content=\"420\" \/>\n\t<meta property=\"og:image:type\" content=\"image\/jpeg\" \/>\n<meta name=\"author\" content=\"oimatica\" \/>\n<meta name=\"twitter:card\" content=\"summary_large_image\" \/>\n<meta name=\"twitter:label1\" content=\"Escrito por\" \/>\n\t<meta name=\"twitter:data1\" content=\"oimatica\" \/>\n\t<meta name=\"twitter:label2\" content=\"Tiempo de lectura\" \/>\n\t<meta name=\"twitter:data2\" content=\"6 minutos\" \/>\n<script type=\"application\/ld+json\" class=\"yoast-schema-graph\">{\"@context\":\"https:\/\/schema.org\",\"@graph\":[{\"@type\":\"WebPage\",\"@id\":\"https:\/\/www.osteovitalsabadell.cat\/es\/que-sabemos-del-sindrome-del-intestino-irritable\/\",\"url\":\"https:\/\/www.osteovitalsabadell.cat\/es\/que-sabemos-del-sindrome-del-intestino-irritable\/\",\"name\":\"S\u00edndrome del intestino irritable: tratamiento natural con osteopat\u00eda | Osteovital\",\"isPartOf\":{\"@id\":\"https:\/\/www.osteovitalsabadell.cat\/es\/#website\"},\"primaryImageOfPage\":{\"@id\":\"https:\/\/www.osteovitalsabadell.cat\/es\/que-sabemos-del-sindrome-del-intestino-irritable\/#primaryimage\"},\"image\":{\"@id\":\"https:\/\/www.osteovitalsabadell.cat\/es\/que-sabemos-del-sindrome-del-intestino-irritable\/#primaryimage\"},\"thumbnailUrl\":\"https:\/\/www.osteovitalsabadell.cat\/wp-content\/uploads\/2020\/05\/colon_irritableok.jpg\",\"datePublished\":\"2020-05-01T14:44:49+00:00\",\"dateModified\":\"2025-10-28T10:47:18+00:00\",\"author\":{\"@id\":\"https:\/\/www.osteovitalsabadell.cat\/es\/#\/schema\/person\/f564001e8746a468a85deb8fe6d4efe1\"},\"description\":\"Descubre c\u00f3mo la osteopat\u00eda y la PNI pueden ayudarte a aliviar los s\u00edntomas del intestino irritable y mejorar tu salud digestiva.\",\"breadcrumb\":{\"@id\":\"https:\/\/www.osteovitalsabadell.cat\/es\/que-sabemos-del-sindrome-del-intestino-irritable\/#breadcrumb\"},\"inLanguage\":\"es\",\"potentialAction\":[{\"@type\":\"ReadAction\",\"target\":[\"https:\/\/www.osteovitalsabadell.cat\/es\/que-sabemos-del-sindrome-del-intestino-irritable\/\"]}]},{\"@type\":\"ImageObject\",\"inLanguage\":\"es\",\"@id\":\"https:\/\/www.osteovitalsabadell.cat\/es\/que-sabemos-del-sindrome-del-intestino-irritable\/#primaryimage\",\"url\":\"https:\/\/www.osteovitalsabadell.cat\/wp-content\/uploads\/2020\/05\/colon_irritableok.jpg\",\"contentUrl\":\"https:\/\/www.osteovitalsabadell.cat\/wp-content\/uploads\/2020\/05\/colon_irritableok.jpg\",\"width\":840,\"height\":420},{\"@type\":\"BreadcrumbList\",\"@id\":\"https:\/\/www.osteovitalsabadell.cat\/es\/que-sabemos-del-sindrome-del-intestino-irritable\/#breadcrumb\",\"itemListElement\":[{\"@type\":\"ListItem\",\"position\":1,\"name\":\"Home\",\"item\":\"https:\/\/www.osteovitalsabadell.cat\/es\/inicio\/\"},{\"@type\":\"ListItem\",\"position\":2,\"name\":\"\u00bfQu\u00e9 sabemos del S\u00cdNDROME DEL INTESTINO IRRITABLE?\"}]},{\"@type\":\"WebSite\",\"@id\":\"https:\/\/www.osteovitalsabadell.cat\/es\/#website\",\"url\":\"https:\/\/www.osteovitalsabadell.cat\/es\/\",\"name\":\"Osteovital\",\"description\":\"Osteopatia i Fisioter\u00e0pia a Sabadell\",\"potentialAction\":[{\"@type\":\"SearchAction\",\"target\":{\"@type\":\"EntryPoint\",\"urlTemplate\":\"https:\/\/www.osteovitalsabadell.cat\/es\/?s={search_term_string}\"},\"query-input\":{\"@type\":\"PropertyValueSpecification\",\"valueRequired\":true,\"valueName\":\"search_term_string\"}}],\"inLanguage\":\"es\"},{\"@type\":\"Person\",\"@id\":\"https:\/\/www.osteovitalsabadell.cat\/es\/#\/schema\/person\/f564001e8746a468a85deb8fe6d4efe1\",\"name\":\"oimatica\",\"image\":{\"@type\":\"ImageObject\",\"inLanguage\":\"es\",\"@id\":\"https:\/\/www.osteovitalsabadell.cat\/es\/#\/schema\/person\/image\/\",\"url\":\"https:\/\/www.osteovitalsabadell.cat\/wp-content\/litespeed\/avatar\/813f0224501b2fc216d361bdbf886e53.jpg?ver=1777068831\",\"contentUrl\":\"https:\/\/www.osteovitalsabadell.cat\/wp-content\/litespeed\/avatar\/813f0224501b2fc216d361bdbf886e53.jpg?ver=1777068831\",\"caption\":\"oimatica\"},\"url\":\"https:\/\/www.osteovitalsabadell.cat\/es\/author\/oimatica\/\"}]}<\/script>\n<!-- \/ Yoast SEO plugin. -->","yoast_head_json":{"title":"S\u00edndrome del intestino irritable: tratamiento natural con osteopat\u00eda | Osteovital","description":"Descubre c\u00f3mo la osteopat\u00eda y la PNI pueden ayudarte a aliviar los s\u00edntomas del intestino irritable y mejorar tu salud digestiva.","robots":{"index":"index","follow":"follow","max-snippet":"max-snippet:-1","max-image-preview":"max-image-preview:large","max-video-preview":"max-video-preview:-1"},"canonical":"https:\/\/www.osteovitalsabadell.cat\/es\/que-sabemos-del-sindrome-del-intestino-irritable\/","og_locale":"es_ES","og_type":"article","og_title":"S\u00edndrome del intestino irritable: tratamiento natural con osteopat\u00eda | Osteovital","og_description":"Descubre c\u00f3mo la osteopat\u00eda y la PNI pueden ayudarte a aliviar los s\u00edntomas del intestino irritable y mejorar tu salud digestiva.","og_url":"https:\/\/www.osteovitalsabadell.cat\/es\/que-sabemos-del-sindrome-del-intestino-irritable\/","og_site_name":"Osteovital","article_published_time":"2020-05-01T14:44:49+00:00","article_modified_time":"2025-10-28T10:47:18+00:00","og_image":[{"width":840,"height":420,"url":"https:\/\/www.osteovitalsabadell.cat\/wp-content\/uploads\/2020\/05\/colon_irritableok.jpg","type":"image\/jpeg"}],"author":"oimatica","twitter_card":"summary_large_image","twitter_misc":{"Escrito por":"oimatica","Tiempo de lectura":"6 minutos"},"schema":{"@context":"https:\/\/schema.org","@graph":[{"@type":"WebPage","@id":"https:\/\/www.osteovitalsabadell.cat\/es\/que-sabemos-del-sindrome-del-intestino-irritable\/","url":"https:\/\/www.osteovitalsabadell.cat\/es\/que-sabemos-del-sindrome-del-intestino-irritable\/","name":"S\u00edndrome del intestino irritable: tratamiento natural con osteopat\u00eda | Osteovital","isPartOf":{"@id":"https:\/\/www.osteovitalsabadell.cat\/es\/#website"},"primaryImageOfPage":{"@id":"https:\/\/www.osteovitalsabadell.cat\/es\/que-sabemos-del-sindrome-del-intestino-irritable\/#primaryimage"},"image":{"@id":"https:\/\/www.osteovitalsabadell.cat\/es\/que-sabemos-del-sindrome-del-intestino-irritable\/#primaryimage"},"thumbnailUrl":"https:\/\/www.osteovitalsabadell.cat\/wp-content\/uploads\/2020\/05\/colon_irritableok.jpg","datePublished":"2020-05-01T14:44:49+00:00","dateModified":"2025-10-28T10:47:18+00:00","author":{"@id":"https:\/\/www.osteovitalsabadell.cat\/es\/#\/schema\/person\/f564001e8746a468a85deb8fe6d4efe1"},"description":"Descubre c\u00f3mo la osteopat\u00eda y la PNI pueden ayudarte a aliviar los s\u00edntomas del intestino irritable y mejorar tu salud digestiva.","breadcrumb":{"@id":"https:\/\/www.osteovitalsabadell.cat\/es\/que-sabemos-del-sindrome-del-intestino-irritable\/#breadcrumb"},"inLanguage":"es","potentialAction":[{"@type":"ReadAction","target":["https:\/\/www.osteovitalsabadell.cat\/es\/que-sabemos-del-sindrome-del-intestino-irritable\/"]}]},{"@type":"ImageObject","inLanguage":"es","@id":"https:\/\/www.osteovitalsabadell.cat\/es\/que-sabemos-del-sindrome-del-intestino-irritable\/#primaryimage","url":"https:\/\/www.osteovitalsabadell.cat\/wp-content\/uploads\/2020\/05\/colon_irritableok.jpg","contentUrl":"https:\/\/www.osteovitalsabadell.cat\/wp-content\/uploads\/2020\/05\/colon_irritableok.jpg","width":840,"height":420},{"@type":"BreadcrumbList","@id":"https:\/\/www.osteovitalsabadell.cat\/es\/que-sabemos-del-sindrome-del-intestino-irritable\/#breadcrumb","itemListElement":[{"@type":"ListItem","position":1,"name":"Home","item":"https:\/\/www.osteovitalsabadell.cat\/es\/inicio\/"},{"@type":"ListItem","position":2,"name":"\u00bfQu\u00e9 sabemos del S\u00cdNDROME DEL INTESTINO IRRITABLE?"}]},{"@type":"WebSite","@id":"https:\/\/www.osteovitalsabadell.cat\/es\/#website","url":"https:\/\/www.osteovitalsabadell.cat\/es\/","name":"Osteovital","description":"Osteopatia i Fisioter\u00e0pia a Sabadell","potentialAction":[{"@type":"SearchAction","target":{"@type":"EntryPoint","urlTemplate":"https:\/\/www.osteovitalsabadell.cat\/es\/?s={search_term_string}"},"query-input":{"@type":"PropertyValueSpecification","valueRequired":true,"valueName":"search_term_string"}}],"inLanguage":"es"},{"@type":"Person","@id":"https:\/\/www.osteovitalsabadell.cat\/es\/#\/schema\/person\/f564001e8746a468a85deb8fe6d4efe1","name":"oimatica","image":{"@type":"ImageObject","inLanguage":"es","@id":"https:\/\/www.osteovitalsabadell.cat\/es\/#\/schema\/person\/image\/","url":"https:\/\/www.osteovitalsabadell.cat\/wp-content\/litespeed\/avatar\/813f0224501b2fc216d361bdbf886e53.jpg?ver=1777068831","contentUrl":"https:\/\/www.osteovitalsabadell.cat\/wp-content\/litespeed\/avatar\/813f0224501b2fc216d361bdbf886e53.jpg?ver=1777068831","caption":"oimatica"},"url":"https:\/\/www.osteovitalsabadell.cat\/es\/author\/oimatica\/"}]}},"_links":{"self":[{"href":"https:\/\/www.osteovitalsabadell.cat\/es\/wp-json\/wp\/v2\/posts\/989583","targetHints":{"allow":["GET"]}}],"collection":[{"href":"https:\/\/www.osteovitalsabadell.cat\/es\/wp-json\/wp\/v2\/posts"}],"about":[{"href":"https:\/\/www.osteovitalsabadell.cat\/es\/wp-json\/wp\/v2\/types\/post"}],"author":[{"embeddable":true,"href":"https:\/\/www.osteovitalsabadell.cat\/es\/wp-json\/wp\/v2\/users\/1"}],"replies":[{"embeddable":true,"href":"https:\/\/www.osteovitalsabadell.cat\/es\/wp-json\/wp\/v2\/comments?post=989583"}],"version-history":[{"count":2,"href":"https:\/\/www.osteovitalsabadell.cat\/es\/wp-json\/wp\/v2\/posts\/989583\/revisions"}],"predecessor-version":[{"id":989619,"href":"https:\/\/www.osteovitalsabadell.cat\/es\/wp-json\/wp\/v2\/posts\/989583\/revisions\/989619"}],"wp:featuredmedia":[{"embeddable":true,"href":"https:\/\/www.osteovitalsabadell.cat\/es\/wp-json\/wp\/v2\/media\/988579"}],"wp:attachment":[{"href":"https:\/\/www.osteovitalsabadell.cat\/es\/wp-json\/wp\/v2\/media?parent=989583"}],"wp:term":[{"taxonomy":"category","embeddable":true,"href":"https:\/\/www.osteovitalsabadell.cat\/es\/wp-json\/wp\/v2\/categories?post=989583"},{"taxonomy":"post_tag","embeddable":true,"href":"https:\/\/www.osteovitalsabadell.cat\/es\/wp-json\/wp\/v2\/tags?post=989583"}],"curies":[{"name":"wp","href":"https:\/\/api.w.org\/{rel}","templated":true}]}}