{"id":989587,"date":"2020-05-01T16:23:24","date_gmt":"2020-05-01T14:23:24","guid":{"rendered":"https:\/\/www.osteovitalsabadell.cat\/?p=989587"},"modified":"2025-10-28T12:53:15","modified_gmt":"2025-10-28T10:53:15","slug":"que-sabemos-de-la-hernia-discalque-sabemos-de-la-hernia-discal","status":"publish","type":"post","link":"https:\/\/www.osteovitalsabadell.cat\/es\/que-sabemos-de-la-hernia-discalque-sabemos-de-la-hernia-discal\/","title":{"rendered":"\u00bfQu\u00e9 sabemos de la HERNIA DISCAL?\u00bfQu\u00e9 sabemos de la HERNIA DISCAL?"},"content":{"rendered":"<div class=\"vgblk-rw-wrapper limit-wrapper\">\n<p><strong><u>Anatomia de la columna vertebral<\/u><\/strong><\/p>\n\n\n\n<p>La columna vertebral est\u00e0 formada per la part \u00f2ssia que serien els cossos vertebrals. Entre un cos vertebral i el subjacent hi tenim un disc intervertebral, format per aigua i col\u00b7lagen, que el que far\u00e0 ser\u00e0 esmorteir la carga que rebem per la gravetat i facilitar els diferents moviments que fem amb la columna. Cada un dels discs intervertebrals est\u00e0 format per dos components:<\/p>\n\n\n<p>[list list_type=\u00bb2&#8243; animation=\u00bb\u00bb actions=\u00bbicon-right-4^icon-right-4&#8243; colors=\u00bb^\u00bb list_item_content=\u00bbAnell fibr\u00f3s: \u00c9s la part m\u00e9s externa, resistent i flexible del disc.^Nucli polp\u00f3s: \u00c9s la part del centre del disc, \u00e9s m\u00e9s tou i gelatin\u00f3s.\u00bb sc_id=\u00bbsc1588342351200&#8243;]<\/p>\n\n\n\n<p><strong><u>Qu\u00e8 \u00e9s una h\u00e8rnia discal i quines s\u00f3n les causes d\u2019aparici\u00f3?<\/u><\/strong><\/p>\n\n\n\n<p>L\u2019h\u00e8rnia discal \u00e9s la sortida del nucli polp\u00f3s a trav\u00e9s d\u2019una fissura de l\u2019anell fibr\u00f3s del disc intervertebral.<\/p>\n\n\n\n<p>L\u2019h\u00e8rnia discal s\u00f2l apar\u00e8ixer degut a una degeneraci\u00f3 discal causada pel pas dels anys. A mesura que envellim, els discs es van fent menys flexibles, tenen menys aigua, menys col\u00b7lagen i seran m\u00e9s propensos a esquin\u00e7ar-se o trencar-se.<\/p>\n\n\n\n<p>Normalment el fet de fer moviments repetitius de flexo- extensi\u00f3 d\u2019esquena, girs o transport de material pesant influeix a vegades m\u00e9s que no pas l\u2019edat. Ja que hi ha molta gent jove amb h\u00e8rnies discals, algunes de les quals s\u00f3n asimptom\u00e0tiques.<\/p>\n\n\n\n<p>Un traumatisme com una caiguda seria estrany que fos el motiu de l\u2019aparici\u00f3 d\u2019una h\u00e8rnia discal.<\/p>\n\n\n\n<p><strong><u>Quina \u00e9s<\/u><\/strong> <strong><u>difer\u00e8ncia hi ha entre protrusi\u00f3 i h\u00e8rnia discal?<\/u><\/strong><\/p>\n\n\n<p>[list list_type=\u00bb2&#8243; animation=\u00bb\u00bb actions=\u00bbicon-right-4^icon-right-4&#8243; colors=\u00bb^\u00bb list_item_content=\u00bbProtrusi\u00f3 discal: consisteix en el bombament de l\u2019anell fibr\u00f3s que envolta el disc intervertebral.^H\u00e8rnia discal: \u00e9s la sortida del nucli polp\u00f3s a trav\u00e9s d\u2019una fissura en l\u2019anell fibr\u00f3s del disc intervertebral.\u00bb sc_id=\u00bbsc1588342413708&#8243;]<\/p>\n\n\n\n<p>La difer\u00e8ncia doncs entre protrusi\u00f3 i h\u00e8rnia discal \u00e9s que s\u2019hagi produ\u00eft la sortida del contingut (h\u00e8rnia) o nom\u00e9s deformaci\u00f3 de l\u2019anell fibr\u00f3s, sense sortida del contingut (protrusi\u00f3).<\/p>\n\n\n\n<p><strong><u>Quina simptomatologia dona una h\u00e8rnia discal?<\/u><\/strong><\/p>\n\n\n<p>[list list_type=\u00bb2&#8243; animation=\u00bb\u00bb actions=\u00bbicon-right-4^icon-right-4^icon-right-4^icon-right-4&#8243; colors=\u00bb^^^\u00bb list_item_content=\u00bbDolor irradiat cap a la cama seguint el dermatoma del nervi pin\u00e7at. Pot venir acompanyat de dolor lumbar o no. Normalment el dolor cap a la cama \u00e9s pitjor que el dolor lumbar.^Entumiment, debilitat i parest\u00e8sies (formigueig) cap a la cama del costat on hi ha l\u2019h\u00e8rnia discal.^Dolor lumbar, glutis i piramidal.^\u2022 \u201cRed flag\u201d!: quan la simptomatologia \u00e9s bilateral (afectaci\u00f3 a les dues cames o dos bra\u00e7os) i apareixen els seg\u00fcents s\u00edmptomes hem de derivar urgentment:\u00bb sc_id=\u00bbsc1588342548424&#8243;]<\/p>\n\n\n<p>[list list_type=\u00bb1&#8243; animation=\u00bb\u00bb actions=\u00bbicon-right-4^icon-right-4^icon-right-4&#8243; colors=\u00bb1^2^3&#8243; list_item_content=\u00bbP\u00e8rdua de for\u00e7a important.^Mal control d\u2019esf\u00ednters, que pot provocar incontin\u00e8ncia o dificultat per orinar, incl\u00fas tenint la bufeta plena.^Anest\u00e8sia en cadira de muntar: P\u00e8rdua de la sensibilitat a les \u00e0rees que tocarien a una cadira de muntar a cavall com la part interna de les cames (adductors), isquiotibials i l\u2019\u00e0rea al voltant del recte.\u00bb sc_id=\u00bbsc1588342692689&#8243;]<\/p>\n\n\n\n<p><strong><u>Quins factors de risc hi ha?<\/u><\/strong><\/p>\n\n\n<p>[list list_type=\u00bb2&#8243; animation=\u00bb\u00bb actions=\u00bbicon-right-4^icon-right-4^icon-right-4^icon-right-4&#8243; colors=\u00bb^^^\u00bb list_item_content=\u00bbPes: L\u2019exc\u00e9s de pes corporal pot causar estr\u00e9s addicional als discs intervertebrals a nivell lumbar^Tipus de feina: Persones amb feines f\u00edsicament exigents tenen major risc de patir problemes d\u2019esquena. Moviments repetitius com flexionar i extensionar el tronc, emp\u00e8nyer objectes pesants, girar-se de manera continuada a un costat i a l\u2019altre poden augmentar el risc d\u2019aparici\u00f3 d\u2019h\u00e8rnia discal.^Gen\u00e8tica: Algunes persones hereten una predisposici\u00f3 a tenir h\u00e8rnia discal.^Tabac: Es creu que el tabaquisme disminueix l\u2019oxigen a nivell discal, causant que es deteriori m\u00e9s r\u00e0pidament. \u00bb sc_id=\u00bbsc1588342776409&#8243;]<\/p>\n\n\n\n<p><strong><u>Quins s\u00f3n els factors de prevenci\u00f3 per una h\u00e8rnia discal?<\/u><\/strong><\/p>\n\n\n<p>[list list_type=\u00bb2&#8243; animation=\u00bb\u00bb actions=\u00bbicon-right-4^icon-right-4^icon-right-4^icon-right-4&#8243; colors=\u00bb^^^\u00bb list_item_content=\u00bbExercici f\u00edsic: Mantenir un bon to muscular a nivell abdominal (transvers de l\u2019abdomen, oblics i recte abdominal) que estabilitza la columna vertebral.^Postura: Mantenir una bona higiene postural, tan quan estem asseguts com quan anem a agafar algun objecte (fent servir la for\u00e7a de les cames, no la del tronc quan aixequem el pes), sobretot si es pesant. Ser\u00e0 important per no patir a nivell discal.^Pes saludable^No fumar\u00bb sc_id=\u00bbsc1588342852697&#8243;]<\/p>\n\n\n\n<p><strong><u>Quin tractament puc fer si tinc una h\u00e8rnia discal?<\/u><\/strong><\/p>\n\n\n\n<p>D\u2019entrada no \u00e9s recomanable el tractament quir\u00fargic. L\u2019osteopatia i la fisioter\u00e0pia s\u00f3n una bona eina per comen\u00e7ar a tractar aquest tipus de lesions a nivell conservador. Ser\u00e0 dif\u00edcil reabsorbir aquesta h\u00e8rnia discal per\u00f2 fent un bon treball a nivell estructural (per intentar desbloquejar), a nivell flu\u00eddic (per oxigenar la zona perqu\u00e8 hi arribi m\u00e9s sang) i fins i tot a nivell visceral (\u00f2rgans com l\u2019\u00fater, les trompes, ovaris, bufeta poden estar influint en aquesta lumb\u00e0lgia i tamb\u00e9 a nivell fascial sobretot si hi ha cicatrius per ces\u00e0ria), podem ajudar a disminuir el dolor.<\/p>\n\n\n\n<p>Tamb\u00e9 ser\u00e0 important fer exercici f\u00edsic sense impacte. Millorant el to muscular i l\u2019elasticitat de la zona abdominal. Exercicis hipopressius, ioga o pilates serien algunes de les opcions m\u00e9s recomanables.<\/p>\n\n\n\n<p>La nostra dieta, com hem dit abans, tamb\u00e9 ser\u00e0 molt important i sobretot ser\u00e0 important beure aigua perqu\u00e8 aquests discs estiguin ben hidratats.<\/p>\n<\/div><!-- .vgblk-rw-wrapper -->","protected":false},"excerpt":{"rendered":"<p>Anatomia de la columna vertebral La columna vertebral est\u00e0 formada per la part \u00f2ssia que serien els cossos vertebrals. Entre un cos vertebral i el subjacent hi tenim un disc intervertebral, format per aigua i col\u00b7lagen, que el que far\u00e0 ser\u00e0 esmorteir la carga que rebem per la gravetat i facilitar els diferents moviments que&#8230;<\/p>\n","protected":false},"author":1,"featured_media":988577,"comment_status":"closed","ping_status":"open","sticky":false,"template":"","format":"standard","meta":{"footnotes":""},"categories":[1],"tags":[],"class_list":["post-989587","post","type-post","status-publish","format-standard","has-post-thumbnail","hentry","category-sin-categoria"],"yoast_head":"<!-- This site is optimized with the Yoast SEO plugin v26.6 - https:\/\/yoast.com\/wordpress\/plugins\/seo\/ -->\n<title>Tratamiento osteop\u00e1tico de hernia discal \u2013 Osteovital Sabadell<\/title>\n<meta name=\"description\" content=\"Conoce c\u00f3mo la osteopat\u00eda mejora el dolor por hernia discal. Recupera tu movilidad y pide cita en Sabadell hoy mismo.\" \/>\n<meta name=\"robots\" content=\"index, follow, max-snippet:-1, max-image-preview:large, max-video-preview:-1\" \/>\n<link rel=\"canonical\" href=\"https:\/\/www.osteovitalsabadell.cat\/es\/que-sabemos-de-la-hernia-discalque-sabemos-de-la-hernia-discal\/\" \/>\n<meta property=\"og:locale\" content=\"es_ES\" \/>\n<meta property=\"og:type\" content=\"article\" \/>\n<meta property=\"og:title\" content=\"Tratamiento osteop\u00e1tico de hernia discal \u2013 Osteovital Sabadell\" \/>\n<meta property=\"og:description\" content=\"Conoce c\u00f3mo la osteopat\u00eda mejora el dolor por hernia discal. Recupera tu movilidad y pide cita en Sabadell hoy mismo.\" \/>\n<meta property=\"og:url\" content=\"https:\/\/www.osteovitalsabadell.cat\/es\/que-sabemos-de-la-hernia-discalque-sabemos-de-la-hernia-discal\/\" \/>\n<meta property=\"og:site_name\" content=\"Osteovital\" \/>\n<meta property=\"article:published_time\" content=\"2020-05-01T14:23:24+00:00\" \/>\n<meta property=\"article:modified_time\" content=\"2025-10-28T10:53:15+00:00\" \/>\n<meta property=\"og:image\" content=\"https:\/\/www.osteovitalsabadell.cat\/wp-content\/uploads\/2020\/05\/a00730f03.jpg\" \/>\n\t<meta property=\"og:image:width\" content=\"650\" \/>\n\t<meta property=\"og:image:height\" content=\"569\" \/>\n\t<meta property=\"og:image:type\" content=\"image\/jpeg\" \/>\n<meta name=\"author\" content=\"oimatica\" \/>\n<meta name=\"twitter:card\" content=\"summary_large_image\" \/>\n<meta name=\"twitter:label1\" content=\"Escrito por\" \/>\n\t<meta name=\"twitter:data1\" content=\"oimatica\" \/>\n\t<meta name=\"twitter:label2\" content=\"Tiempo de lectura\" \/>\n\t<meta name=\"twitter:data2\" content=\"5 minutos\" \/>\n<script type=\"application\/ld+json\" class=\"yoast-schema-graph\">{\"@context\":\"https:\/\/schema.org\",\"@graph\":[{\"@type\":\"WebPage\",\"@id\":\"https:\/\/www.osteovitalsabadell.cat\/es\/que-sabemos-de-la-hernia-discalque-sabemos-de-la-hernia-discal\/\",\"url\":\"https:\/\/www.osteovitalsabadell.cat\/es\/que-sabemos-de-la-hernia-discalque-sabemos-de-la-hernia-discal\/\",\"name\":\"Tratamiento osteop\u00e1tico de hernia discal \u2013 Osteovital Sabadell\",\"isPartOf\":{\"@id\":\"https:\/\/www.osteovitalsabadell.cat\/es\/#website\"},\"primaryImageOfPage\":{\"@id\":\"https:\/\/www.osteovitalsabadell.cat\/es\/que-sabemos-de-la-hernia-discalque-sabemos-de-la-hernia-discal\/#primaryimage\"},\"image\":{\"@id\":\"https:\/\/www.osteovitalsabadell.cat\/es\/que-sabemos-de-la-hernia-discalque-sabemos-de-la-hernia-discal\/#primaryimage\"},\"thumbnailUrl\":\"https:\/\/www.osteovitalsabadell.cat\/wp-content\/uploads\/2020\/05\/a00730f03.jpg\",\"datePublished\":\"2020-05-01T14:23:24+00:00\",\"dateModified\":\"2025-10-28T10:53:15+00:00\",\"author\":{\"@id\":\"https:\/\/www.osteovitalsabadell.cat\/es\/#\/schema\/person\/f564001e8746a468a85deb8fe6d4efe1\"},\"description\":\"Conoce c\u00f3mo la osteopat\u00eda mejora el dolor por hernia discal. Recupera tu movilidad y pide cita en Sabadell hoy mismo.\",\"breadcrumb\":{\"@id\":\"https:\/\/www.osteovitalsabadell.cat\/es\/que-sabemos-de-la-hernia-discalque-sabemos-de-la-hernia-discal\/#breadcrumb\"},\"inLanguage\":\"es\",\"potentialAction\":[{\"@type\":\"ReadAction\",\"target\":[\"https:\/\/www.osteovitalsabadell.cat\/es\/que-sabemos-de-la-hernia-discalque-sabemos-de-la-hernia-discal\/\"]}]},{\"@type\":\"ImageObject\",\"inLanguage\":\"es\",\"@id\":\"https:\/\/www.osteovitalsabadell.cat\/es\/que-sabemos-de-la-hernia-discalque-sabemos-de-la-hernia-discal\/#primaryimage\",\"url\":\"https:\/\/www.osteovitalsabadell.cat\/wp-content\/uploads\/2020\/05\/a00730f03.jpg\",\"contentUrl\":\"https:\/\/www.osteovitalsabadell.cat\/wp-content\/uploads\/2020\/05\/a00730f03.jpg\",\"width\":650,\"height\":569,\"caption\":\"Que es la hernia Discal?\"},{\"@type\":\"BreadcrumbList\",\"@id\":\"https:\/\/www.osteovitalsabadell.cat\/es\/que-sabemos-de-la-hernia-discalque-sabemos-de-la-hernia-discal\/#breadcrumb\",\"itemListElement\":[{\"@type\":\"ListItem\",\"position\":1,\"name\":\"Home\",\"item\":\"https:\/\/www.osteovitalsabadell.cat\/es\/inicio\/\"},{\"@type\":\"ListItem\",\"position\":2,\"name\":\"\u00bfQu\u00e9 sabemos de la HERNIA DISCAL?\u00bfQu\u00e9 sabemos de la HERNIA DISCAL?\"}]},{\"@type\":\"WebSite\",\"@id\":\"https:\/\/www.osteovitalsabadell.cat\/es\/#website\",\"url\":\"https:\/\/www.osteovitalsabadell.cat\/es\/\",\"name\":\"Osteovital\",\"description\":\"Osteopatia i Fisioter\u00e0pia a Sabadell\",\"potentialAction\":[{\"@type\":\"SearchAction\",\"target\":{\"@type\":\"EntryPoint\",\"urlTemplate\":\"https:\/\/www.osteovitalsabadell.cat\/es\/?s={search_term_string}\"},\"query-input\":{\"@type\":\"PropertyValueSpecification\",\"valueRequired\":true,\"valueName\":\"search_term_string\"}}],\"inLanguage\":\"es\"},{\"@type\":\"Person\",\"@id\":\"https:\/\/www.osteovitalsabadell.cat\/es\/#\/schema\/person\/f564001e8746a468a85deb8fe6d4efe1\",\"name\":\"oimatica\",\"image\":{\"@type\":\"ImageObject\",\"inLanguage\":\"es\",\"@id\":\"https:\/\/www.osteovitalsabadell.cat\/es\/#\/schema\/person\/image\/\",\"url\":\"https:\/\/www.osteovitalsabadell.cat\/wp-content\/litespeed\/avatar\/813f0224501b2fc216d361bdbf886e53.jpg?ver=1777068831\",\"contentUrl\":\"https:\/\/www.osteovitalsabadell.cat\/wp-content\/litespeed\/avatar\/813f0224501b2fc216d361bdbf886e53.jpg?ver=1777068831\",\"caption\":\"oimatica\"},\"url\":\"https:\/\/www.osteovitalsabadell.cat\/es\/author\/oimatica\/\"}]}<\/script>\n<!-- \/ Yoast SEO plugin. -->","yoast_head_json":{"title":"Tratamiento osteop\u00e1tico de hernia discal \u2013 Osteovital Sabadell","description":"Conoce c\u00f3mo la osteopat\u00eda mejora el dolor por hernia discal. Recupera tu movilidad y pide cita en Sabadell hoy mismo.","robots":{"index":"index","follow":"follow","max-snippet":"max-snippet:-1","max-image-preview":"max-image-preview:large","max-video-preview":"max-video-preview:-1"},"canonical":"https:\/\/www.osteovitalsabadell.cat\/es\/que-sabemos-de-la-hernia-discalque-sabemos-de-la-hernia-discal\/","og_locale":"es_ES","og_type":"article","og_title":"Tratamiento osteop\u00e1tico de hernia discal \u2013 Osteovital Sabadell","og_description":"Conoce c\u00f3mo la osteopat\u00eda mejora el dolor por hernia discal. Recupera tu movilidad y pide cita en Sabadell hoy mismo.","og_url":"https:\/\/www.osteovitalsabadell.cat\/es\/que-sabemos-de-la-hernia-discalque-sabemos-de-la-hernia-discal\/","og_site_name":"Osteovital","article_published_time":"2020-05-01T14:23:24+00:00","article_modified_time":"2025-10-28T10:53:15+00:00","og_image":[{"width":650,"height":569,"url":"https:\/\/www.osteovitalsabadell.cat\/wp-content\/uploads\/2020\/05\/a00730f03.jpg","type":"image\/jpeg"}],"author":"oimatica","twitter_card":"summary_large_image","twitter_misc":{"Escrito por":"oimatica","Tiempo de lectura":"5 minutos"},"schema":{"@context":"https:\/\/schema.org","@graph":[{"@type":"WebPage","@id":"https:\/\/www.osteovitalsabadell.cat\/es\/que-sabemos-de-la-hernia-discalque-sabemos-de-la-hernia-discal\/","url":"https:\/\/www.osteovitalsabadell.cat\/es\/que-sabemos-de-la-hernia-discalque-sabemos-de-la-hernia-discal\/","name":"Tratamiento osteop\u00e1tico de hernia discal \u2013 Osteovital Sabadell","isPartOf":{"@id":"https:\/\/www.osteovitalsabadell.cat\/es\/#website"},"primaryImageOfPage":{"@id":"https:\/\/www.osteovitalsabadell.cat\/es\/que-sabemos-de-la-hernia-discalque-sabemos-de-la-hernia-discal\/#primaryimage"},"image":{"@id":"https:\/\/www.osteovitalsabadell.cat\/es\/que-sabemos-de-la-hernia-discalque-sabemos-de-la-hernia-discal\/#primaryimage"},"thumbnailUrl":"https:\/\/www.osteovitalsabadell.cat\/wp-content\/uploads\/2020\/05\/a00730f03.jpg","datePublished":"2020-05-01T14:23:24+00:00","dateModified":"2025-10-28T10:53:15+00:00","author":{"@id":"https:\/\/www.osteovitalsabadell.cat\/es\/#\/schema\/person\/f564001e8746a468a85deb8fe6d4efe1"},"description":"Conoce c\u00f3mo la osteopat\u00eda mejora el dolor por hernia discal. Recupera tu movilidad y pide cita en Sabadell hoy mismo.","breadcrumb":{"@id":"https:\/\/www.osteovitalsabadell.cat\/es\/que-sabemos-de-la-hernia-discalque-sabemos-de-la-hernia-discal\/#breadcrumb"},"inLanguage":"es","potentialAction":[{"@type":"ReadAction","target":["https:\/\/www.osteovitalsabadell.cat\/es\/que-sabemos-de-la-hernia-discalque-sabemos-de-la-hernia-discal\/"]}]},{"@type":"ImageObject","inLanguage":"es","@id":"https:\/\/www.osteovitalsabadell.cat\/es\/que-sabemos-de-la-hernia-discalque-sabemos-de-la-hernia-discal\/#primaryimage","url":"https:\/\/www.osteovitalsabadell.cat\/wp-content\/uploads\/2020\/05\/a00730f03.jpg","contentUrl":"https:\/\/www.osteovitalsabadell.cat\/wp-content\/uploads\/2020\/05\/a00730f03.jpg","width":650,"height":569,"caption":"Que es la hernia Discal?"},{"@type":"BreadcrumbList","@id":"https:\/\/www.osteovitalsabadell.cat\/es\/que-sabemos-de-la-hernia-discalque-sabemos-de-la-hernia-discal\/#breadcrumb","itemListElement":[{"@type":"ListItem","position":1,"name":"Home","item":"https:\/\/www.osteovitalsabadell.cat\/es\/inicio\/"},{"@type":"ListItem","position":2,"name":"\u00bfQu\u00e9 sabemos de la HERNIA DISCAL?\u00bfQu\u00e9 sabemos de la HERNIA DISCAL?"}]},{"@type":"WebSite","@id":"https:\/\/www.osteovitalsabadell.cat\/es\/#website","url":"https:\/\/www.osteovitalsabadell.cat\/es\/","name":"Osteovital","description":"Osteopatia i Fisioter\u00e0pia a Sabadell","potentialAction":[{"@type":"SearchAction","target":{"@type":"EntryPoint","urlTemplate":"https:\/\/www.osteovitalsabadell.cat\/es\/?s={search_term_string}"},"query-input":{"@type":"PropertyValueSpecification","valueRequired":true,"valueName":"search_term_string"}}],"inLanguage":"es"},{"@type":"Person","@id":"https:\/\/www.osteovitalsabadell.cat\/es\/#\/schema\/person\/f564001e8746a468a85deb8fe6d4efe1","name":"oimatica","image":{"@type":"ImageObject","inLanguage":"es","@id":"https:\/\/www.osteovitalsabadell.cat\/es\/#\/schema\/person\/image\/","url":"https:\/\/www.osteovitalsabadell.cat\/wp-content\/litespeed\/avatar\/813f0224501b2fc216d361bdbf886e53.jpg?ver=1777068831","contentUrl":"https:\/\/www.osteovitalsabadell.cat\/wp-content\/litespeed\/avatar\/813f0224501b2fc216d361bdbf886e53.jpg?ver=1777068831","caption":"oimatica"},"url":"https:\/\/www.osteovitalsabadell.cat\/es\/author\/oimatica\/"}]}},"_links":{"self":[{"href":"https:\/\/www.osteovitalsabadell.cat\/es\/wp-json\/wp\/v2\/posts\/989587","targetHints":{"allow":["GET"]}}],"collection":[{"href":"https:\/\/www.osteovitalsabadell.cat\/es\/wp-json\/wp\/v2\/posts"}],"about":[{"href":"https:\/\/www.osteovitalsabadell.cat\/es\/wp-json\/wp\/v2\/types\/post"}],"author":[{"embeddable":true,"href":"https:\/\/www.osteovitalsabadell.cat\/es\/wp-json\/wp\/v2\/users\/1"}],"replies":[{"embeddable":true,"href":"https:\/\/www.osteovitalsabadell.cat\/es\/wp-json\/wp\/v2\/comments?post=989587"}],"version-history":[{"count":3,"href":"https:\/\/www.osteovitalsabadell.cat\/es\/wp-json\/wp\/v2\/posts\/989587\/revisions"}],"predecessor-version":[{"id":989647,"href":"https:\/\/www.osteovitalsabadell.cat\/es\/wp-json\/wp\/v2\/posts\/989587\/revisions\/989647"}],"wp:featuredmedia":[{"embeddable":true,"href":"https:\/\/www.osteovitalsabadell.cat\/es\/wp-json\/wp\/v2\/media\/988577"}],"wp:attachment":[{"href":"https:\/\/www.osteovitalsabadell.cat\/es\/wp-json\/wp\/v2\/media?parent=989587"}],"wp:term":[{"taxonomy":"category","embeddable":true,"href":"https:\/\/www.osteovitalsabadell.cat\/es\/wp-json\/wp\/v2\/categories?post=989587"},{"taxonomy":"post_tag","embeddable":true,"href":"https:\/\/www.osteovitalsabadell.cat\/es\/wp-json\/wp\/v2\/tags?post=989587"}],"curies":[{"name":"wp","href":"https:\/\/api.w.org\/{rel}","templated":true}]}}