{"id":989591,"date":"2020-05-01T15:54:28","date_gmt":"2020-05-01T13:54:28","guid":{"rendered":"https:\/\/www.osteovitalsabadell.cat\/?p=989591"},"modified":"2025-12-24T12:54:27","modified_gmt":"2025-12-24T10:54:27","slug":"que-sabemos-de-la-disfuncion-de-la-articulacion-temporomandibular-atm","status":"publish","type":"post","link":"https:\/\/www.osteovitalsabadell.cat\/es\/que-sabemos-de-la-disfuncion-de-la-articulacion-temporomandibular-atm\/","title":{"rendered":"\u00bfQu\u00e9 sabemos de la DISFUNCI\u00d3N DE LA ARTICULACI\u00d3N TEMPOROMANDIBULAR (ATM)?"},"content":{"rendered":"<div class=\"vgblk-rw-wrapper limit-wrapper\">\n<p><img fetchpriority=\"high\" decoding=\"async\" src=\"\" width=\"314\" height=\"305\">L\u2019articulaci\u00f3 temporomandibular (ATM) connecta la mand\u00edbula al crani i actua com una frontissa lliscant. En tenim una a cada costat de la mand\u00edbula, que funcionen sincronitzadament. \u00c9s l\u2019articulaci\u00f3 que ens permet parlar i mastegar.<\/p>\n\n\n\n<p>\u00c9s important saber que durant la masticaci\u00f3 participen les dents, l\u2019ATM, els m\u00fasculs suprahioideos i els m\u00fasculs de la masticaci\u00f3 (temporal, maseter, pterigoideos lateral i medial) que estan innervats per la tercera branca del trigemin, que \u00e9s el nervi mandibular.<\/p>\n\n\n\n<p><strong><u>Quins s\u00edmptomes pot provocar aquesta disfunci\u00f3?<\/u><\/strong>&nbsp;Entre els signes i els s\u00edmptomes que es poden torbar en una disfunci\u00f3 de l\u2019ATM, s\u00f3n els seg\u00fcents:<\/p>\n\n\n<p>[list list_type=\u00bb2&#8243; animation=\u00bb\u00bb actions=\u00bbicon-right-4^icon-right-4^icon-right-4^icon-right-4^icon-right-4^icon-right-4^icon-right-4&#8243; colors=\u00bb^^^^^^\u00bb list_item_content=\u00bbDolor o sensibilitat al tocar la mand\u00edbula.^Dolor a una o ambdues articulacions temporomandibulares.^Dolor intens dins de l&#8217;o\u00efda o al seu voltant (pot provocar ac\u00fafens).^Dificultat per mastegar (bloqueig de l&#8217;articulaci\u00f3, la qual cosa dificulta obrir o tancar la boca) o dolor al mastegar.^Mal de cap i cervicals.^Desviaci\u00f3 de la mand\u00edbula cap al costat afectat al obrir i tancar la boca.^Pot apar\u00e8ixer un \u201dclick\u201d o una sensaci\u00f3 grinyolant a l&#8217;obrir la boca o al mastegar.\u00bb sc_id=\u00bbsc1588340867317&#8243;]<\/p>\n\n\n\n<p><strong><u>Quines s\u00f3n les causes que poden provocar aquesta disfunci\u00f3?<\/u><\/strong><\/p>\n\n\n\n<p>La causa exacta del trastorn de l&#8217;ATM d&#8217;una persona sol ser dif\u00edcil de determinar.<\/p>\n\n\n\n<p>Aquesta disfunci\u00f3 pot ser deguda a una combinaci\u00f3 de factors, com la gen\u00e8tica, l\u2019artritis o una lesi\u00f3 de la mand\u00edbula.<\/p>\n\n\n\n<p>Algunes persones que tenen dolor a la mand\u00edbula tamb\u00e9 tendeixen a serrar o apretar les dents, el que anomenem bruxisme. Tot i que les persones que ho fan no sempre desenvolupen trastorns de l&#8217;ATM.<\/p>\n\n\n\n<p><strong><u>Quins s\u00f3n els factors de risc associats?<\/u><\/strong><\/p>\n\n\n\n<p>Alguns dels factors que poden augmentar el risc de desenvolupar disfuncions temporomadibulars s\u00f3n els seg\u00fcents:<\/p>\n\n\n<p>[list list_type=\u00bb2&#8243; animation=\u00bb\u00bb actions=\u00bbicon-right-4^icon-right-4^icon-right-4^icon-right-4^icon-right-4^icon-right-4&#8243; colors=\u00bb^^^^^\u00bb list_item_content=\u00bbDiferents tipus d\u2019artritis, com la reumatoide o l\u2019artrosi.^Bruxisme a llarg termini (cr\u00f2nic).^Mastegar xiclet.^Menjar-se les ungles i mossegar-se els llavis.^Estr\u00e8s, ansietat, sistema l\u00edmbic (emocions).^Oclusi\u00f3 dental defectuosa, fa que masteguem per nom\u00e9s un costat (masticaci\u00f3 unilateral).\u00bb sc_id=\u00bbsc1588340984493&#8243;]<\/p>\n\n\n\n<p><strong><u>Quina relaci\u00f3 hi hauria entre l\u2019ATM, el bruxisme i les cervicals?<\/u><\/strong><\/p>\n\n\n\n<p>El bruxisme, com ja hem comentat abans, \u00e9s l\u2019h\u00e0bit involuntari d\u2019apretar les dents, sobretot a durant la nit. S\u2019associa habitualment a situacions d\u2019estr\u00e8s, ansietat, molt lligat al sistema l\u00edmbic (emocions). La compressi\u00f3 de les dents, pot provocar un desgast m\u00e9s accelerat de l\u2019esmalt dental i una continua irritaci\u00f3 de l\u2019ATM.<\/p>\n\n\n\n<p>Si a part del bruxisme hi ha una mala oclusi\u00f3 mandibular, conseq\u00fc\u00e8ncia d\u2019un traumatisme directe, falta d\u2019alguna pe\u00e7a bucal (a partir d\u2019aqu\u00ed comences a mastegar pel mateix costat) o posici\u00f3 en retrusi\u00f3 o protrusi\u00f3 mandibular (mand\u00edbula endavant o enrere) s\u2019hi afegeix un altre problema. Quan hi ha una mala oclusi\u00f3, l\u2019ATM d\u2019un costat treballar\u00e0 m\u00e9s que la contraria, afavorint la irritaci\u00f3 i el desgast.<\/p>\n\n\n\n<p>Els m\u00fasculs masticatoris estan innervats, com d\u00e8iem abans, pel nervi mandibular que \u00e9s la tercera branca del nervi trigemin. El nucli espinal del trigemin arriba fins a segments cervicals C2-C3 i els impulsos nociceptius provinents de la columna cervical poden fer sinapsis en aquest nivell. \u00c9s per aix\u00f2 que \u00e9s tan important tractar tamb\u00e9 les cervicals amb pacients que pateixen de l\u2019ATM.<\/p>\n\n\n\n<p><strong><u>Quines soluciones hi ha?<\/u><\/strong><\/p>\n\n\n\n<p>En la majoria dels casos, el dolor i la incomoditat associats amb els trastorns de l\u2019ATM s\u00f3n temporals i poden alleujar-se amb fisioter\u00e0pia, osteopatia i exercicis per fer a casa. La cirurgia sol ser l\u2019\u00faltim recurs despr\u00e9s de que les mesures conservadores no han funcionat.<\/p>\n\n\n\n<p><strong><u>Quin seria el tractament conservador a seguir?<\/u><\/strong><\/p>\n\n\n<p>[list list_type=\u00bb2&#8243; animation=\u00bb\u00bb actions=\u00bbicon-right-4^icon-right-4^icon-right-4^icon-right-4&#8243; colors=\u00bb^^^\u00bb list_item_content=\u00bbTer\u00e0pia manual a nivell cervical, cranial, ATM i diafragmes.^Exercicis d\u2019ATM i cervicals per fer a casa.^Intentar millorar ergonomia (postura) i estr\u00e8s.^Control per odont\u00f2leg (control peces bucals i valoraci\u00f3 f\u00e8rula de descarrega si cal).\u00bb sc_id=\u00bbsc1588341072195&#8243;]<\/p>\n\n\n\n<p><strong><u>Quins exercicis es poden fer a casa?<\/u><\/strong><\/p>\n\n\n<p>[list list_type=\u00bb2&#8243; animation=\u00bb\u00bb actions=\u00bbicon-right-4^icon-right-4^icon-right-4^icon-right-4^icon-right-4^icon-right-4&#8243; colors=\u00bb^^^^^\u00bb list_item_content=\u00bbAutomassatge m\u00fasculs temporals.^Automassatge m\u00fasculs masseters.^Automassatge zona suboccipital (clatell).^Estirament part anterior del coll: escalens, esternocleidomastoideo i platisma.^Mossegar bol\u00edgraf per la zona dels queixals de l\u2019ATM que fa mal.^Menjar pel costat que fa mal.\u00bb sc_id=\u00bbsc1588341223790&#8243;]<\/p>\n<\/div><!-- .vgblk-rw-wrapper -->","protected":false},"excerpt":{"rendered":"<p>L\u2019articulaci\u00f3 temporomandibular (ATM) connecta la mand\u00edbula al crani i actua com una frontissa lliscant. En tenim una a cada costat de la mand\u00edbula, que funcionen sincronitzadament. \u00c9s l\u2019articulaci\u00f3 que ens permet parlar i mastegar. \u00c9s important saber que durant la masticaci\u00f3 participen les dents, l\u2019ATM, els m\u00fasculs suprahioideos i els m\u00fasculs de la masticaci\u00f3 (temporal,&#8230;<\/p>\n","protected":false},"author":1,"featured_media":988575,"comment_status":"closed","ping_status":"open","sticky":false,"template":"","format":"standard","meta":{"footnotes":""},"categories":[1],"tags":[],"class_list":["post-989591","post","type-post","status-publish","format-standard","has-post-thumbnail","hentry","category-sin-categoria"],"yoast_head":"<!-- This site is optimized with the Yoast SEO plugin v26.6 - https:\/\/yoast.com\/wordpress\/plugins\/seo\/ -->\n<title>Disfunci\u00f3n de la articulaci\u00f3n temporomandibular (ATM)<\/title>\n<meta name=\"description\" content=\"Descubre qu\u00e9 es la disfunci\u00f3n de la ATM, sus s\u00edntomas comunes, causas y opciones de tratamiento, como fisioterapia y osteopat\u00eda.\" \/>\n<meta name=\"robots\" content=\"index, follow, max-snippet:-1, max-image-preview:large, max-video-preview:-1\" \/>\n<link rel=\"canonical\" href=\"https:\/\/www.osteovitalsabadell.cat\/es\/que-sabemos-de-la-disfuncion-de-la-articulacion-temporomandibular-atm\/\" \/>\n<meta property=\"og:locale\" content=\"es_ES\" \/>\n<meta property=\"og:type\" content=\"article\" \/>\n<meta property=\"og:title\" content=\"Disfunci\u00f3n de la articulaci\u00f3n temporomandibular (ATM)\" \/>\n<meta property=\"og:description\" content=\"Descubre qu\u00e9 es la disfunci\u00f3n de la ATM, sus s\u00edntomas comunes, causas y opciones de tratamiento, como fisioterapia y osteopat\u00eda.\" \/>\n<meta property=\"og:url\" content=\"https:\/\/www.osteovitalsabadell.cat\/es\/que-sabemos-de-la-disfuncion-de-la-articulacion-temporomandibular-atm\/\" \/>\n<meta property=\"og:site_name\" content=\"Osteovital\" \/>\n<meta property=\"article:published_time\" content=\"2020-05-01T13:54:28+00:00\" \/>\n<meta property=\"article:modified_time\" content=\"2025-12-24T10:54:27+00:00\" \/>\n<meta property=\"og:image\" content=\"https:\/\/www.osteovitalsabadell.cat\/wp-content\/uploads\/2020\/05\/FOTO-POST.jpg\" \/>\n\t<meta property=\"og:image:width\" content=\"500\" \/>\n\t<meta property=\"og:image:height\" content=\"537\" \/>\n\t<meta property=\"og:image:type\" content=\"image\/jpeg\" \/>\n<meta name=\"author\" content=\"oimatica\" \/>\n<meta name=\"twitter:card\" content=\"summary_large_image\" \/>\n<meta name=\"twitter:label1\" content=\"Escrito por\" \/>\n\t<meta name=\"twitter:data1\" content=\"oimatica\" \/>\n\t<meta name=\"twitter:label2\" content=\"Tiempo de lectura\" \/>\n\t<meta name=\"twitter:data2\" content=\"4 minutos\" \/>\n<script type=\"application\/ld+json\" class=\"yoast-schema-graph\">{\"@context\":\"https:\/\/schema.org\",\"@graph\":[{\"@type\":\"WebPage\",\"@id\":\"https:\/\/www.osteovitalsabadell.cat\/es\/que-sabemos-de-la-disfuncion-de-la-articulacion-temporomandibular-atm\/\",\"url\":\"https:\/\/www.osteovitalsabadell.cat\/es\/que-sabemos-de-la-disfuncion-de-la-articulacion-temporomandibular-atm\/\",\"name\":\"Disfunci\u00f3n de la articulaci\u00f3n temporomandibular (ATM)\",\"isPartOf\":{\"@id\":\"https:\/\/www.osteovitalsabadell.cat\/es\/#website\"},\"primaryImageOfPage\":{\"@id\":\"https:\/\/www.osteovitalsabadell.cat\/es\/que-sabemos-de-la-disfuncion-de-la-articulacion-temporomandibular-atm\/#primaryimage\"},\"image\":{\"@id\":\"https:\/\/www.osteovitalsabadell.cat\/es\/que-sabemos-de-la-disfuncion-de-la-articulacion-temporomandibular-atm\/#primaryimage\"},\"thumbnailUrl\":\"https:\/\/www.osteovitalsabadell.cat\/wp-content\/uploads\/2020\/05\/FOTO-POST.jpg\",\"datePublished\":\"2020-05-01T13:54:28+00:00\",\"dateModified\":\"2025-12-24T10:54:27+00:00\",\"author\":{\"@id\":\"https:\/\/www.osteovitalsabadell.cat\/es\/#\/schema\/person\/f564001e8746a468a85deb8fe6d4efe1\"},\"description\":\"Descubre qu\u00e9 es la disfunci\u00f3n de la ATM, sus s\u00edntomas comunes, causas y opciones de tratamiento, como fisioterapia y osteopat\u00eda.\",\"breadcrumb\":{\"@id\":\"https:\/\/www.osteovitalsabadell.cat\/es\/que-sabemos-de-la-disfuncion-de-la-articulacion-temporomandibular-atm\/#breadcrumb\"},\"inLanguage\":\"es\",\"potentialAction\":[{\"@type\":\"ReadAction\",\"target\":[\"https:\/\/www.osteovitalsabadell.cat\/es\/que-sabemos-de-la-disfuncion-de-la-articulacion-temporomandibular-atm\/\"]}]},{\"@type\":\"ImageObject\",\"inLanguage\":\"es\",\"@id\":\"https:\/\/www.osteovitalsabadell.cat\/es\/que-sabemos-de-la-disfuncion-de-la-articulacion-temporomandibular-atm\/#primaryimage\",\"url\":\"https:\/\/www.osteovitalsabadell.cat\/wp-content\/uploads\/2020\/05\/FOTO-POST.jpg\",\"contentUrl\":\"https:\/\/www.osteovitalsabadell.cat\/wp-content\/uploads\/2020\/05\/FOTO-POST.jpg\",\"width\":500,\"height\":537,\"caption\":\"Que es la ATM\"},{\"@type\":\"BreadcrumbList\",\"@id\":\"https:\/\/www.osteovitalsabadell.cat\/es\/que-sabemos-de-la-disfuncion-de-la-articulacion-temporomandibular-atm\/#breadcrumb\",\"itemListElement\":[{\"@type\":\"ListItem\",\"position\":1,\"name\":\"Home\",\"item\":\"https:\/\/www.osteovitalsabadell.cat\/es\/inicio\/\"},{\"@type\":\"ListItem\",\"position\":2,\"name\":\"\u00bfQu\u00e9 sabemos de la DISFUNCI\u00d3N DE LA ARTICULACI\u00d3N TEMPOROMANDIBULAR (ATM)?\"}]},{\"@type\":\"WebSite\",\"@id\":\"https:\/\/www.osteovitalsabadell.cat\/es\/#website\",\"url\":\"https:\/\/www.osteovitalsabadell.cat\/es\/\",\"name\":\"Osteovital\",\"description\":\"Osteopatia i Fisioter\u00e0pia a Sabadell\",\"potentialAction\":[{\"@type\":\"SearchAction\",\"target\":{\"@type\":\"EntryPoint\",\"urlTemplate\":\"https:\/\/www.osteovitalsabadell.cat\/es\/?s={search_term_string}\"},\"query-input\":{\"@type\":\"PropertyValueSpecification\",\"valueRequired\":true,\"valueName\":\"search_term_string\"}}],\"inLanguage\":\"es\"},{\"@type\":\"Person\",\"@id\":\"https:\/\/www.osteovitalsabadell.cat\/es\/#\/schema\/person\/f564001e8746a468a85deb8fe6d4efe1\",\"name\":\"oimatica\",\"image\":{\"@type\":\"ImageObject\",\"inLanguage\":\"es\",\"@id\":\"https:\/\/www.osteovitalsabadell.cat\/es\/#\/schema\/person\/image\/\",\"url\":\"https:\/\/www.osteovitalsabadell.cat\/wp-content\/litespeed\/avatar\/813f0224501b2fc216d361bdbf886e53.jpg?ver=1777068831\",\"contentUrl\":\"https:\/\/www.osteovitalsabadell.cat\/wp-content\/litespeed\/avatar\/813f0224501b2fc216d361bdbf886e53.jpg?ver=1777068831\",\"caption\":\"oimatica\"},\"url\":\"https:\/\/www.osteovitalsabadell.cat\/es\/author\/oimatica\/\"}]}<\/script>\n<!-- \/ Yoast SEO plugin. -->","yoast_head_json":{"title":"Disfunci\u00f3n de la articulaci\u00f3n temporomandibular (ATM)","description":"Descubre qu\u00e9 es la disfunci\u00f3n de la ATM, sus s\u00edntomas comunes, causas y opciones de tratamiento, como fisioterapia y osteopat\u00eda.","robots":{"index":"index","follow":"follow","max-snippet":"max-snippet:-1","max-image-preview":"max-image-preview:large","max-video-preview":"max-video-preview:-1"},"canonical":"https:\/\/www.osteovitalsabadell.cat\/es\/que-sabemos-de-la-disfuncion-de-la-articulacion-temporomandibular-atm\/","og_locale":"es_ES","og_type":"article","og_title":"Disfunci\u00f3n de la articulaci\u00f3n temporomandibular (ATM)","og_description":"Descubre qu\u00e9 es la disfunci\u00f3n de la ATM, sus s\u00edntomas comunes, causas y opciones de tratamiento, como fisioterapia y osteopat\u00eda.","og_url":"https:\/\/www.osteovitalsabadell.cat\/es\/que-sabemos-de-la-disfuncion-de-la-articulacion-temporomandibular-atm\/","og_site_name":"Osteovital","article_published_time":"2020-05-01T13:54:28+00:00","article_modified_time":"2025-12-24T10:54:27+00:00","og_image":[{"width":500,"height":537,"url":"https:\/\/www.osteovitalsabadell.cat\/wp-content\/uploads\/2020\/05\/FOTO-POST.jpg","type":"image\/jpeg"}],"author":"oimatica","twitter_card":"summary_large_image","twitter_misc":{"Escrito por":"oimatica","Tiempo de lectura":"4 minutos"},"schema":{"@context":"https:\/\/schema.org","@graph":[{"@type":"WebPage","@id":"https:\/\/www.osteovitalsabadell.cat\/es\/que-sabemos-de-la-disfuncion-de-la-articulacion-temporomandibular-atm\/","url":"https:\/\/www.osteovitalsabadell.cat\/es\/que-sabemos-de-la-disfuncion-de-la-articulacion-temporomandibular-atm\/","name":"Disfunci\u00f3n de la articulaci\u00f3n temporomandibular (ATM)","isPartOf":{"@id":"https:\/\/www.osteovitalsabadell.cat\/es\/#website"},"primaryImageOfPage":{"@id":"https:\/\/www.osteovitalsabadell.cat\/es\/que-sabemos-de-la-disfuncion-de-la-articulacion-temporomandibular-atm\/#primaryimage"},"image":{"@id":"https:\/\/www.osteovitalsabadell.cat\/es\/que-sabemos-de-la-disfuncion-de-la-articulacion-temporomandibular-atm\/#primaryimage"},"thumbnailUrl":"https:\/\/www.osteovitalsabadell.cat\/wp-content\/uploads\/2020\/05\/FOTO-POST.jpg","datePublished":"2020-05-01T13:54:28+00:00","dateModified":"2025-12-24T10:54:27+00:00","author":{"@id":"https:\/\/www.osteovitalsabadell.cat\/es\/#\/schema\/person\/f564001e8746a468a85deb8fe6d4efe1"},"description":"Descubre qu\u00e9 es la disfunci\u00f3n de la ATM, sus s\u00edntomas comunes, causas y opciones de tratamiento, como fisioterapia y osteopat\u00eda.","breadcrumb":{"@id":"https:\/\/www.osteovitalsabadell.cat\/es\/que-sabemos-de-la-disfuncion-de-la-articulacion-temporomandibular-atm\/#breadcrumb"},"inLanguage":"es","potentialAction":[{"@type":"ReadAction","target":["https:\/\/www.osteovitalsabadell.cat\/es\/que-sabemos-de-la-disfuncion-de-la-articulacion-temporomandibular-atm\/"]}]},{"@type":"ImageObject","inLanguage":"es","@id":"https:\/\/www.osteovitalsabadell.cat\/es\/que-sabemos-de-la-disfuncion-de-la-articulacion-temporomandibular-atm\/#primaryimage","url":"https:\/\/www.osteovitalsabadell.cat\/wp-content\/uploads\/2020\/05\/FOTO-POST.jpg","contentUrl":"https:\/\/www.osteovitalsabadell.cat\/wp-content\/uploads\/2020\/05\/FOTO-POST.jpg","width":500,"height":537,"caption":"Que es la ATM"},{"@type":"BreadcrumbList","@id":"https:\/\/www.osteovitalsabadell.cat\/es\/que-sabemos-de-la-disfuncion-de-la-articulacion-temporomandibular-atm\/#breadcrumb","itemListElement":[{"@type":"ListItem","position":1,"name":"Home","item":"https:\/\/www.osteovitalsabadell.cat\/es\/inicio\/"},{"@type":"ListItem","position":2,"name":"\u00bfQu\u00e9 sabemos de la DISFUNCI\u00d3N DE LA ARTICULACI\u00d3N TEMPOROMANDIBULAR (ATM)?"}]},{"@type":"WebSite","@id":"https:\/\/www.osteovitalsabadell.cat\/es\/#website","url":"https:\/\/www.osteovitalsabadell.cat\/es\/","name":"Osteovital","description":"Osteopatia i Fisioter\u00e0pia a Sabadell","potentialAction":[{"@type":"SearchAction","target":{"@type":"EntryPoint","urlTemplate":"https:\/\/www.osteovitalsabadell.cat\/es\/?s={search_term_string}"},"query-input":{"@type":"PropertyValueSpecification","valueRequired":true,"valueName":"search_term_string"}}],"inLanguage":"es"},{"@type":"Person","@id":"https:\/\/www.osteovitalsabadell.cat\/es\/#\/schema\/person\/f564001e8746a468a85deb8fe6d4efe1","name":"oimatica","image":{"@type":"ImageObject","inLanguage":"es","@id":"https:\/\/www.osteovitalsabadell.cat\/es\/#\/schema\/person\/image\/","url":"https:\/\/www.osteovitalsabadell.cat\/wp-content\/litespeed\/avatar\/813f0224501b2fc216d361bdbf886e53.jpg?ver=1777068831","contentUrl":"https:\/\/www.osteovitalsabadell.cat\/wp-content\/litespeed\/avatar\/813f0224501b2fc216d361bdbf886e53.jpg?ver=1777068831","caption":"oimatica"},"url":"https:\/\/www.osteovitalsabadell.cat\/es\/author\/oimatica\/"}]}},"_links":{"self":[{"href":"https:\/\/www.osteovitalsabadell.cat\/es\/wp-json\/wp\/v2\/posts\/989591","targetHints":{"allow":["GET"]}}],"collection":[{"href":"https:\/\/www.osteovitalsabadell.cat\/es\/wp-json\/wp\/v2\/posts"}],"about":[{"href":"https:\/\/www.osteovitalsabadell.cat\/es\/wp-json\/wp\/v2\/types\/post"}],"author":[{"embeddable":true,"href":"https:\/\/www.osteovitalsabadell.cat\/es\/wp-json\/wp\/v2\/users\/1"}],"replies":[{"embeddable":true,"href":"https:\/\/www.osteovitalsabadell.cat\/es\/wp-json\/wp\/v2\/comments?post=989591"}],"version-history":[{"count":2,"href":"https:\/\/www.osteovitalsabadell.cat\/es\/wp-json\/wp\/v2\/posts\/989591\/revisions"}],"predecessor-version":[{"id":989623,"href":"https:\/\/www.osteovitalsabadell.cat\/es\/wp-json\/wp\/v2\/posts\/989591\/revisions\/989623"}],"wp:featuredmedia":[{"embeddable":true,"href":"https:\/\/www.osteovitalsabadell.cat\/es\/wp-json\/wp\/v2\/media\/988575"}],"wp:attachment":[{"href":"https:\/\/www.osteovitalsabadell.cat\/es\/wp-json\/wp\/v2\/media?parent=989591"}],"wp:term":[{"taxonomy":"category","embeddable":true,"href":"https:\/\/www.osteovitalsabadell.cat\/es\/wp-json\/wp\/v2\/categories?post=989591"},{"taxonomy":"post_tag","embeddable":true,"href":"https:\/\/www.osteovitalsabadell.cat\/es\/wp-json\/wp\/v2\/tags?post=989591"}],"curies":[{"name":"wp","href":"https:\/\/api.w.org\/{rel}","templated":true}]}}